{"id":1218,"date":"2024-10-07T16:31:00","date_gmt":"2024-10-07T19:31:00","guid":{"rendered":"https:\/\/fphv.org\/?p=1218"},"modified":"2024-12-20T16:32:40","modified_gmt":"2024-12-20T19:32:40","slug":"curso-de-actualizacion-para-cuidadores-de-personas-mayores","status":"publish","type":"post","link":"https:\/\/fphv.org\/?p=1218","title":{"rendered":"Curso de Actualizaci\u00f3n para Cuidadores de Personas Mayores"},"content":{"rendered":"\n<p><img decoding=\"async\" height=\"16\" width=\"16\" alt=\"\ud83d\uddd3\ufe0f\" src=\"https:\/\/static.xx.fbcdn.net\/images\/emoji.php\/v9\/t5c\/1\/16\/1f5d3.png\"> Inicio: 18 de octubre<\/p>\n\n\n\n<p><img decoding=\"async\" height=\"16\" width=\"16\" alt=\"\ud83d\udccd\" src=\"https:\/\/static.xx.fbcdn.net\/images\/emoji.php\/v9\/t2d\/1\/16\/1f4cd.png\"> Sede: FPHV, Av. 53 #654<\/p>\n\n\n\n<p><a><\/a>Desde el Instituto de la Nueva Edad de la FPHV y el Grupo Universiario Multidisciplinario de Investigaci\u00f3n sobre Vejez y envejecimiento poblacional los invitamos a participar del curso de 6 clases presenciales con el Prof. Dr. Oscar Ojea, M\u00e9dico Geront\u00f3logo.<\/p>\n\n\n\n<p>Aprender\u00e1s sobre el rol del cuidador, las enfermedades comunes en ancianos y c\u00f3mo brindar cuidados efectivos tanto en instituciones como en el hogar. Tambi\u00e9n exploraremos actividades recreativas y la importancia del trabajo en equipo.<\/p>\n\n\n\n<p>Al finalizar, recibir\u00e1s un certificado de asistencia. \u00a1No pierdas la oportunidad de mejorar tus habilidades y hacer una diferencia en la vida de nuestros mayores!<\/p>\n\n\n\n<p>\u00a1Inscr\u00edbete ahora! <a href=\"https:\/\/bit.ly\/Curso-CuidadoresFPHV?fbclid=IwZXh0bgNhZW0CMTAAAR1kPsG8cYARNXJNX7G-sgHVnHC8ywnmrkCpFDDw-6oYfvFMerrxIYlpQqU_aem_8r_qR0QmcPMlNi7SDyO1Jg\" rel=\"noreferrer noopener\" target=\"_blank\">https:\/\/bit.ly\/Curso-CuidadoresFPHV<\/a><\/p>\n\n\n\n<p>ACTIVIDAD ARANCELADA CON INSCRIPCION PREVIA.<\/p>\n\n\n\n<p>Para m\u00e1s informaci\u00f3n escribir a capacitacionesfphv@gmail.com<\/p>\n\n\n\n<p><a href=\"https:\/\/www.facebook.com\/hashtag\/fphv?__eep__=6&amp;__cft__[0]=AZXY36Sn7ostKkb65b8oJjPT8zynbxzE7PjhKgZhLDRzfCm-rlp0R6HW3PEGk2BSGf12FkggpXleSs1MGquwGJcnX_r0tKcByURU2eIfeBq2shVOIkhvw-J6e6akoz0XhE9Mp5D7VDJOBnRx4BW9yMu_GMvlfml0_Vw2RgqwSTgpotuEE2erqWkAp0S4PoGBDGU&amp;__tn__=*NK-R\">#FPHV<\/a><a href=\"https:\/\/l.facebook.com\/l.php?u=https%3A%2F%2Fwww.instagram.com%2F_u%2Fnueva_edad%3Ffbclid%3DIwZXh0bgNhZW0CMTAAAR2wT7guhwLI9CV0AzyzGQ8dDF5nC4vWlGkNk3yJq0BxWVfZw3KH-zBJ9iY_aem_4Y3eW-bo7tJOTGOhoUHVMA&amp;h=AT06IPp1L7J9EL9tMxFT-9TzOksNMXOZmTjZnUfBMHQp7c477eNr-kVnyCdnyLU5bLqJgCv7LfI4Xw1Ny4RW3V54KRW4S9TP2xnBgrv2ghdrZwNbUOZPjwjPXVLDkCFcNdlN&amp;__tn__=-UK-R&amp;c[0]=AT3YHYyThh7VQA8Wv7V_GNCnm_dFHWFhlmsioCwGHXDL07cr5Pz3Lm6srLt9wSPiB9sr26v8iHfuhvjCRBcKDRUPx7bSUASZGKYrBG4J2bKWhzvW19LLQCgpmQglOOjiQdXxIpOkZnHbz1keeDUuA_dKZ-0XZuSW6N2WGgk3kq62oUkG8LgeGbyAwMDP0Dpi6iNb4J8dHg7jTfrDyFvdo2sO_w\" rel=\"noreferrer noopener\" target=\"_blank\">@nueva_edad<\/a><\/p>\n","protected":false},"excerpt":{"rendered":"<p>Inicio: 18 de octubre Sede: FPHV, Av. 53 #654 Desde el Instituto de la Nueva Edad de la FPHV y el Grupo Universiario Multidisciplinario de Investigaci\u00f3n sobre Vejez y envejecimiento poblacional los invitamos a participar del curso de 6 clases presenciales con el Prof. Dr. Oscar Ojea, M\u00e9dico Geront\u00f3logo. Aprender\u00e1s sobre el rol del cuidador, [&hellip;]<\/p>\n","protected":false},"author":5,"featured_media":1219,"comment_status":"closed","ping_status":"closed","sticky":false,"template":"","format":"standard","meta":{"footnotes":""},"categories":[1],"tags":[],"class_list":["post-1218","post","type-post","status-publish","format-standard","has-post-thumbnail","hentry","category-eventos"],"_links":{"self":[{"href":"https:\/\/fphv.org\/index.php?rest_route=\/wp\/v2\/posts\/1218","targetHints":{"allow":["GET"]}}],"collection":[{"href":"https:\/\/fphv.org\/index.php?rest_route=\/wp\/v2\/posts"}],"about":[{"href":"https:\/\/fphv.org\/index.php?rest_route=\/wp\/v2\/types\/post"}],"author":[{"embeddable":true,"href":"https:\/\/fphv.org\/index.php?rest_route=\/wp\/v2\/users\/5"}],"replies":[{"embeddable":true,"href":"https:\/\/fphv.org\/index.php?rest_route=%2Fwp%2Fv2%2Fcomments&post=1218"}],"version-history":[{"count":1,"href":"https:\/\/fphv.org\/index.php?rest_route=\/wp\/v2\/posts\/1218\/revisions"}],"predecessor-version":[{"id":1220,"href":"https:\/\/fphv.org\/index.php?rest_route=\/wp\/v2\/posts\/1218\/revisions\/1220"}],"wp:featuredmedia":[{"embeddable":true,"href":"https:\/\/fphv.org\/index.php?rest_route=\/wp\/v2\/media\/1219"}],"wp:attachment":[{"href":"https:\/\/fphv.org\/index.php?rest_route=%2Fwp%2Fv2%2Fmedia&parent=1218"}],"wp:term":[{"taxonomy":"category","embeddable":true,"href":"https:\/\/fphv.org\/index.php?rest_route=%2Fwp%2Fv2%2Fcategories&post=1218"},{"taxonomy":"post_tag","embeddable":true,"href":"https:\/\/fphv.org\/index.php?rest_route=%2Fwp%2Fv2%2Ftags&post=1218"}],"curies":[{"name":"wp","href":"https:\/\/api.w.org\/{rel}","templated":true}]}}