{"id":1215,"date":"2024-10-02T16:28:00","date_gmt":"2024-10-02T19:28:00","guid":{"rendered":"https:\/\/fphv.org\/?p=1215"},"modified":"2024-12-20T16:30:47","modified_gmt":"2024-12-20T19:30:47","slug":"cuarto-encuentro-de-los-talleres-virtuales-con-perspectiva-de-genero-violencia-de-genero","status":"publish","type":"post","link":"https:\/\/fphv.org\/?p=1215","title":{"rendered":"CUARTO ENCUENTRO DE LOS TALLERES VIRTUALES CON PERSPECTIVA DE G\u00c9NERO: VIOLENCIA DE G\u00c9NERO"},"content":{"rendered":"\n<p><img decoding=\"async\" height=\"16\" width=\"16\" alt=\"\ud83d\udce3\" src=\"https:\/\/static.xx.fbcdn.net\/images\/emoji.php\/v9\/tba\/1\/16\/1f4e3.png\"> Desde Fundaci\u00f3n Convivir y Fundaci\u00f3n Pro Humanae Vitae convocamos a OSC del Nodo NEA a ser parte del tercer encuentro de los talleres virtuales con perspectiva de g\u00e9nero: &#8220;Violencia de g\u00e9nero&#8221;<\/p>\n\n\n\n<p><img decoding=\"async\" height=\"16\" width=\"16\" alt=\"\u27a1\ufe0f\" src=\"https:\/\/static.xx.fbcdn.net\/images\/emoji.php\/v9\/t9e\/1\/16\/27a1.png\"> El encuentro estar\u00e1 a cargo de la Dra. Erica Perez, Abogada (UBA), asesora en Direcci\u00f3n de Equidad de G\u00e9nero yy Diversidad Sexual de la Honorable C\u00e1mara de Diputados de la PBA; Subdirectora del <a><\/a>Observatorio de Sentencias Judiciales con perspectiva de g\u00e9nero en el Colegio de la Abogacia de La Plata y la Dra. Patricia Vaquero, Abogada (UNLP), especialista en Derecho Procesal Profundizado. Agente judicial del Poder Judicial de la PBA.<\/p>\n\n\n\n<p><img decoding=\"async\" height=\"16\" width=\"16\" alt=\"\ud83d\uddd3\ufe0f\" src=\"https:\/\/static.xx.fbcdn.net\/images\/emoji.php\/v9\/t5c\/1\/16\/1f5d3.png\"> 8 de octubre<\/p>\n\n\n\n<p><img loading=\"lazy\" decoding=\"async\" height=\"16\" width=\"16\" alt=\"\ud83d\udd57\" src=\"https:\/\/static.xx.fbcdn.net\/images\/emoji.php\/v9\/t2f\/1\/16\/1f557.png\"> 18.30 hs<\/p>\n\n\n\n<p><img loading=\"lazy\" decoding=\"async\" height=\"16\" width=\"16\" alt=\"\ud83d\udcbb\" src=\"https:\/\/static.xx.fbcdn.net\/images\/emoji.php\/v9\/t8c\/1\/16\/1f4bb.png\"> Modalidad: virtual<\/p>\n\n\n\n<p><img loading=\"lazy\" decoding=\"async\" height=\"16\" width=\"16\" alt=\"\ud83d\udccd\" src=\"https:\/\/static.xx.fbcdn.net\/images\/emoji.php\/v9\/t2d\/1\/16\/1f4cd.png\"> Actividad gratuita con inscripci\u00f3n previa en: <a href=\"https:\/\/bit.ly\/Talleresdegenero-nodo-nea4?fbclid=IwZXh0bgNhZW0CMTAAAR1mZcjzbX6AlVMY_w8Rtip9B67EdDrAt_QRGq_yRH74hPn8I7ss4XM51V8_aem_tBfFXRkwGYxxPXFs6fRCNA\" rel=\"noreferrer noopener\" target=\"_blank\">bit.ly\/Talleresdegenero-nodo-nea4<\/a><\/p>\n\n\n\n<p>Esta actividad forma parte del Proyecto <a href=\"https:\/\/www.instagram.com\/_u\/sociedadcivilenred?fbclid=IwZXh0bgNhZW0CMTAAAR2wTMdSm-FTjqoxFN7BVXqQPETyzQ2Ku-gMNQnfTHvCxgnlkq3a1EnvDps_aem_s6CyWkmU5VXRVSGvhKP0Bw\" rel=\"noreferrer noopener\" target=\"_blank\">@sociedadcivilenred<\/a> co-financiado por la Uni\u00f3n Europea en Argentina<\/p>\n","protected":false},"excerpt":{"rendered":"<p>Desde Fundaci\u00f3n Convivir y Fundaci\u00f3n Pro Humanae Vitae convocamos a OSC del Nodo NEA a ser parte del tercer encuentro de los talleres virtuales con perspectiva de g\u00e9nero: &#8220;Violencia de g\u00e9nero&#8221; El encuentro estar\u00e1 a cargo de la Dra. Erica Perez, Abogada (UBA), asesora en Direcci\u00f3n de Equidad de G\u00e9nero yy Diversidad Sexual de la [&hellip;]<\/p>\n","protected":false},"author":5,"featured_media":1216,"comment_status":"closed","ping_status":"closed","sticky":false,"template":"","format":"standard","meta":{"footnotes":""},"categories":[1],"tags":[],"class_list":["post-1215","post","type-post","status-publish","format-standard","has-post-thumbnail","hentry","category-eventos"],"_links":{"self":[{"href":"https:\/\/fphv.org\/index.php?rest_route=\/wp\/v2\/posts\/1215","targetHints":{"allow":["GET"]}}],"collection":[{"href":"https:\/\/fphv.org\/index.php?rest_route=\/wp\/v2\/posts"}],"about":[{"href":"https:\/\/fphv.org\/index.php?rest_route=\/wp\/v2\/types\/post"}],"author":[{"embeddable":true,"href":"https:\/\/fphv.org\/index.php?rest_route=\/wp\/v2\/users\/5"}],"replies":[{"embeddable":true,"href":"https:\/\/fphv.org\/index.php?rest_route=%2Fwp%2Fv2%2Fcomments&post=1215"}],"version-history":[{"count":1,"href":"https:\/\/fphv.org\/index.php?rest_route=\/wp\/v2\/posts\/1215\/revisions"}],"predecessor-version":[{"id":1217,"href":"https:\/\/fphv.org\/index.php?rest_route=\/wp\/v2\/posts\/1215\/revisions\/1217"}],"wp:featuredmedia":[{"embeddable":true,"href":"https:\/\/fphv.org\/index.php?rest_route=\/wp\/v2\/media\/1216"}],"wp:attachment":[{"href":"https:\/\/fphv.org\/index.php?rest_route=%2Fwp%2Fv2%2Fmedia&parent=1215"}],"wp:term":[{"taxonomy":"category","embeddable":true,"href":"https:\/\/fphv.org\/index.php?rest_route=%2Fwp%2Fv2%2Fcategories&post=1215"},{"taxonomy":"post_tag","embeddable":true,"href":"https:\/\/fphv.org\/index.php?rest_route=%2Fwp%2Fv2%2Ftags&post=1215"}],"curies":[{"name":"wp","href":"https:\/\/api.w.org\/{rel}","templated":true}]}}