{"id":1209,"date":"2024-10-01T16:25:00","date_gmt":"2024-10-01T19:25:00","guid":{"rendered":"https:\/\/fphv.org\/?p=1209"},"modified":"2024-12-20T16:26:45","modified_gmt":"2024-12-20T19:26:45","slug":"hoy-celebramos-el-dia-internacional-de-las-personas-mayores","status":"publish","type":"post","link":"https:\/\/fphv.org\/?p=1209","title":{"rendered":"\u00a1Hoy celebramos el **D\u00eda Internacional de las Personas Mayores**!"},"content":{"rendered":"\n<p>Un d\u00eda para rendir homenaje a la sabidur\u00eda, la fuerza y la alegr\u00eda que las personas mayores traen a nuestras vidas. Desde 1991, este d\u00eda, respaldado por la ONU, nos invita a reflexionar sobre su invaluable contribuci\u00f3n a nuestras comunidades.<\/p>\n\n\n\n<p>Desde **el Instituto de la Nueva Edad de la Fundaci\u00f3n Pro Humanae Vitae y el Instituto **, creemos firmemente en un mundo donde cada voz cuenta y cada historia importa. <a><\/a>\u00a1Un\u00e1monos para construir un futuro inclusivo y lleno de respeto para todas las generaciones!<\/p>\n\n\n\n<p><img decoding=\"async\" height=\"16\" width=\"16\" alt=\"\u2728\" src=\"https:\/\/static.xx.fbcdn.net\/images\/emoji.php\/v9\/tf4\/1\/16\/2728.png\"> \u00a1Celebremos juntos! <img decoding=\"async\" height=\"16\" width=\"16\" alt=\"\u2728\" src=\"https:\/\/static.xx.fbcdn.net\/images\/emoji.php\/v9\/tf4\/1\/16\/2728.png\"><a href=\"https:\/\/www.facebook.com\/hashtag\/d%C3%ADadelaspersonasmayores?__eep__=6&amp;__cft__[0]=AZWYyFGCtcDOiOJ1iwNklJXGjseZR6U2_0qFoZLvm9aFdg3a_fV_dr8YUuFthQptmJ2JQhQa5pa0DnkIqBWaawlYexKoYTNZ9ov2xpJKCtcgy1bH3Vaa0J_Dj3-8dqSIRPugvzyW8bZ2GiID7ZFar6f75RqT2W-r7T5Bh70ijVinDD_Q94QP9bCDOccsDAKywgg&amp;__tn__=*NK-R\">#D\u00edaDeLasPersonasMayores<\/a><a href=\"https:\/\/www.facebook.com\/hashtag\/fundaci%C3%B3nprohumanaevitae?__eep__=6&amp;__cft__[0]=AZWYyFGCtcDOiOJ1iwNklJXGjseZR6U2_0qFoZLvm9aFdg3a_fV_dr8YUuFthQptmJ2JQhQa5pa0DnkIqBWaawlYexKoYTNZ9ov2xpJKCtcgy1bH3Vaa0J_Dj3-8dqSIRPugvzyW8bZ2GiID7ZFar6f75RqT2W-r7T5Bh70ijVinDD_Q94QP9bCDOccsDAKywgg&amp;__tn__=*NK-R\">#Fundaci\u00f3nProHumanaeVitae<\/a><a href=\"https:\/\/www.facebook.com\/hashtag\/sabidur%C3%ADayfuerza?__eep__=6&amp;__cft__[0]=AZWYyFGCtcDOiOJ1iwNklJXGjseZR6U2_0qFoZLvm9aFdg3a_fV_dr8YUuFthQptmJ2JQhQa5pa0DnkIqBWaawlYexKoYTNZ9ov2xpJKCtcgy1bH3Vaa0J_Dj3-8dqSIRPugvzyW8bZ2GiID7ZFar6f75RqT2W-r7T5Bh70ijVinDD_Q94QP9bCDOccsDAKywgg&amp;__tn__=*NK-R\">#Sabidur\u00edaYFuerza<\/a><\/p>\n\n\n\n<p><\/p>\n","protected":false},"excerpt":{"rendered":"<p>Un d\u00eda para rendir homenaje a la sabidur\u00eda, la fuerza y la alegr\u00eda que las personas mayores traen a nuestras vidas. Desde 1991, este d\u00eda, respaldado por la ONU, nos invita a reflexionar sobre su invaluable contribuci\u00f3n a nuestras comunidades. Desde **el Instituto de la Nueva Edad de la Fundaci\u00f3n Pro Humanae Vitae y el [&hellip;]<\/p>\n","protected":false},"author":5,"featured_media":1210,"comment_status":"closed","ping_status":"closed","sticky":false,"template":"","format":"standard","meta":{"footnotes":""},"categories":[1],"tags":[],"class_list":["post-1209","post","type-post","status-publish","format-standard","has-post-thumbnail","hentry","category-eventos"],"_links":{"self":[{"href":"https:\/\/fphv.org\/index.php?rest_route=\/wp\/v2\/posts\/1209","targetHints":{"allow":["GET"]}}],"collection":[{"href":"https:\/\/fphv.org\/index.php?rest_route=\/wp\/v2\/posts"}],"about":[{"href":"https:\/\/fphv.org\/index.php?rest_route=\/wp\/v2\/types\/post"}],"author":[{"embeddable":true,"href":"https:\/\/fphv.org\/index.php?rest_route=\/wp\/v2\/users\/5"}],"replies":[{"embeddable":true,"href":"https:\/\/fphv.org\/index.php?rest_route=%2Fwp%2Fv2%2Fcomments&post=1209"}],"version-history":[{"count":1,"href":"https:\/\/fphv.org\/index.php?rest_route=\/wp\/v2\/posts\/1209\/revisions"}],"predecessor-version":[{"id":1211,"href":"https:\/\/fphv.org\/index.php?rest_route=\/wp\/v2\/posts\/1209\/revisions\/1211"}],"wp:featuredmedia":[{"embeddable":true,"href":"https:\/\/fphv.org\/index.php?rest_route=\/wp\/v2\/media\/1210"}],"wp:attachment":[{"href":"https:\/\/fphv.org\/index.php?rest_route=%2Fwp%2Fv2%2Fmedia&parent=1209"}],"wp:term":[{"taxonomy":"category","embeddable":true,"href":"https:\/\/fphv.org\/index.php?rest_route=%2Fwp%2Fv2%2Fcategories&post=1209"},{"taxonomy":"post_tag","embeddable":true,"href":"https:\/\/fphv.org\/index.php?rest_route=%2Fwp%2Fv2%2Ftags&post=1209"}],"curies":[{"name":"wp","href":"https:\/\/api.w.org\/{rel}","templated":true}]}}