{"id":1206,"date":"2024-09-21T16:22:00","date_gmt":"2024-09-21T19:22:00","guid":{"rendered":"https:\/\/fphv.org\/?p=1206"},"modified":"2024-12-20T16:24:57","modified_gmt":"2024-12-20T19:24:57","slug":"encuentro-cultural-chino-argentino","status":"publish","type":"post","link":"https:\/\/fphv.org\/?p=1206","title":{"rendered":"ENCUENTRO CULTURAL CHINO-ARGENTINO"},"content":{"rendered":"\n<p>El mi\u00e9rcoles 18 de septiembre se realiz\u00f3 el Encuentro Cultural Chino-Argentino con un concierto del Cuarteto de Cuerdas Ciudad Prohibida de la Orquesta Sinf\u00f3nica Nacional de China en la Sala Ginastera organizado por el Instituto Cultural de la Provincia de Buenos Aires, la Embajada de la Rep\u00fablica Popular China en Argentina y la Fundaci\u00f3n Pro Humanae Vitae.<\/p>\n\n\n\n<p>El Centro Provincial de las Artes Teatro Argentino fue sede de un encuentro <a><\/a>que comenz\u00f3 con una intervenci\u00f3n art\u00edstica en la plaza seca del teatro con el tradicional desfile de drag\u00f3n y leones chinos de la Escuela Mei Hua.<\/p>\n\n\n\n<p>Asimismo el p\u00fablico pudo disfrutar de la muestra &#8220;Turandot, una china de fabula&#8221; que contiene trajes, tocados y elementos que han dado vida a distintas obras operisticas del Teatro Argentino.<\/p>\n\n\n\n<p>El evento cont\u00f3 con la presencia de su Excelencia, el Se\u00f1or Embajador de la Rep\u00fablica Popular China, Wang Wei, quien fue recibido por la presidenta del Instituto Cultural, Florencia Saintout y el presidente de la Fundaci\u00f3n Pro Humanae Vitae, Rafael Velazquez en conjunto con la Asesora de Relaciones Internacionales de la Provincia, Mar\u00eda Alarc\u00f3n; Ernesto Bauer, director del Teatro Argentino; Lorena Riesgo, Subsecretaria de Promoci\u00f3n Sociocultural, Estela Diaz, Ministra de Mujeres y Diversidad de la Provincia y Paula Lambertini, Secretaria de Educaci\u00f3n de la Municipalidad de La Plata.<\/p>\n\n\n\n<p><a href=\"https:\/\/www.facebook.com\/hashtag\/fphv?__eep__=6&amp;__cft__[0]=AZWcU5YKgDKo8itxA8bYRVzXY9wXLo6PPELWpMHVNeslAdiYr00XaULCp5UjcUtv8f8aP1AD4P20obe5xNmO7KSVAK19V6HusQEDTib1FQJcXLFeIwJvsAfE5AgYA7Z4EBRowGVRJPswcz-2iqUDGJrH8ODxsUadNtoYQextBDIMtKOY1edreV_WWT0Dg0rwXpY&amp;__tn__=*NK-R\">#FPHV<\/a><a href=\"https:\/\/l.facebook.com\/l.php?u=https%3A%2F%2Fwww.instagram.com%2F_u%2Frafaelvelazquezarg%3Ffbclid%3DIwZXh0bgNhZW0CMTAAAR1mZcjzbX6AlVMY_w8Rtip9B67EdDrAt_QRGq_yRH74hPn8I7ss4XM51V8_aem_tBfFXRkwGYxxPXFs6fRCNA&amp;h=AT3DmR1kz-_uerY1bXh68IE9wwmeX9Cqr-SGcIkdSO7Hic7jbdkNpEHmtD48OSw7GNSOEr5BQGceCvxbcq7zPDdQVfUPUMclZKWlYFgoByyaL2fcrccSgJGN0ocW-IaKGSXk&amp;__tn__=-UK-R&amp;c[0]=AT31d16dm1MV1JePBy0olQC95tf5xqLZXr0jfnbXNHpRD5g9ZdoUUyuOA2V7WHuxqrhf_8Locs1NiqDCT9JonNuguBEih4bKJWZdSiVP6uLYTlZODAsjqHIgz_IPNCp2mV1mk2n0f0lAf6ZQT-HFAX-I75ofaBKu3t91dU2e3ePn6z_zUe9w0-Nbb2a-10pitIDzVABnyrRPA6Icxey0-KSJxw\" rel=\"noreferrer noopener\" target=\"_blank\">@rafaelvelazquezarg<\/a><a href=\"https:\/\/l.facebook.com\/l.php?u=https%3A%2F%2Fwww.instagram.com%2F_u%2Ffsaintout%3Ffbclid%3DIwZXh0bgNhZW0CMTAAAR1mZcjzbX6AlVMY_w8Rtip9B67EdDrAt_QRGq_yRH74hPn8I7ss4XM51V8_aem_tBfFXRkwGYxxPXFs6fRCNA&amp;h=AT2565HM_oTHEWoH5lDyGtUgTjqb8elLBt1XUHzQ3knStpY68IoiyFxIDzEXVgwo0DkCo00I2AZkPRstCVFz8kHl0K0N7TTgkLnkyjRe1zZZXuyiJ9dz6VIAKSANFWCdbFwq&amp;__tn__=-UK-R&amp;c[0]=AT31d16dm1MV1JePBy0olQC95tf5xqLZXr0jfnbXNHpRD5g9ZdoUUyuOA2V7WHuxqrhf_8Locs1NiqDCT9JonNuguBEih4bKJWZdSiVP6uLYTlZODAsjqHIgz_IPNCp2mV1mk2n0f0lAf6ZQT-HFAX-I75ofaBKu3t91dU2e3ePn6z_zUe9w0-Nbb2a-10pitIDzVABnyrRPA6Icxey0-KSJxw\" rel=\"noreferrer noopener\" target=\"_blank\">@fsaintout<\/a> @buenosairescultura<\/p>\n\n\n\n<p><\/p>\n","protected":false},"excerpt":{"rendered":"<p>El mi\u00e9rcoles 18 de septiembre se realiz\u00f3 el Encuentro Cultural Chino-Argentino con un concierto del Cuarteto de Cuerdas Ciudad Prohibida de la Orquesta Sinf\u00f3nica Nacional de China en la Sala Ginastera organizado por el Instituto Cultural de la Provincia de Buenos Aires, la Embajada de la Rep\u00fablica Popular China en Argentina y la Fundaci\u00f3n Pro [&hellip;]<\/p>\n","protected":false},"author":5,"featured_media":1207,"comment_status":"closed","ping_status":"closed","sticky":false,"template":"","format":"standard","meta":{"footnotes":""},"categories":[1,2],"tags":[],"class_list":["post-1206","post","type-post","status-publish","format-standard","has-post-thumbnail","hentry","category-eventos","category-prensa"],"_links":{"self":[{"href":"https:\/\/fphv.org\/index.php?rest_route=\/wp\/v2\/posts\/1206","targetHints":{"allow":["GET"]}}],"collection":[{"href":"https:\/\/fphv.org\/index.php?rest_route=\/wp\/v2\/posts"}],"about":[{"href":"https:\/\/fphv.org\/index.php?rest_route=\/wp\/v2\/types\/post"}],"author":[{"embeddable":true,"href":"https:\/\/fphv.org\/index.php?rest_route=\/wp\/v2\/users\/5"}],"replies":[{"embeddable":true,"href":"https:\/\/fphv.org\/index.php?rest_route=%2Fwp%2Fv2%2Fcomments&post=1206"}],"version-history":[{"count":1,"href":"https:\/\/fphv.org\/index.php?rest_route=\/wp\/v2\/posts\/1206\/revisions"}],"predecessor-version":[{"id":1208,"href":"https:\/\/fphv.org\/index.php?rest_route=\/wp\/v2\/posts\/1206\/revisions\/1208"}],"wp:featuredmedia":[{"embeddable":true,"href":"https:\/\/fphv.org\/index.php?rest_route=\/wp\/v2\/media\/1207"}],"wp:attachment":[{"href":"https:\/\/fphv.org\/index.php?rest_route=%2Fwp%2Fv2%2Fmedia&parent=1206"}],"wp:term":[{"taxonomy":"category","embeddable":true,"href":"https:\/\/fphv.org\/index.php?rest_route=%2Fwp%2Fv2%2Fcategories&post=1206"},{"taxonomy":"post_tag","embeddable":true,"href":"https:\/\/fphv.org\/index.php?rest_route=%2Fwp%2Fv2%2Ftags&post=1206"}],"curies":[{"name":"wp","href":"https:\/\/api.w.org\/{rel}","templated":true}]}}