{"id":1203,"date":"2024-09-19T16:20:00","date_gmt":"2024-09-19T19:20:00","guid":{"rendered":"https:\/\/fphv.org\/?p=1203"},"modified":"2024-12-20T16:22:18","modified_gmt":"2024-12-20T19:22:18","slug":"tercer-encuentro-de-los-talleres-virtuales-con-perspectiva-de-genero-varones-y-masculinidades","status":"publish","type":"post","link":"https:\/\/fphv.org\/?p=1203","title":{"rendered":"TERCER ENCUENTRO DE LOS TALLERES VIRTUALES CON PERSPECTIVA DE G\u00c9NERO: VARONES Y MASCULINIDADES"},"content":{"rendered":"\n<p><img decoding=\"async\" height=\"16\" width=\"16\" alt=\"\ud83d\udce3\" src=\"https:\/\/static.xx.fbcdn.net\/images\/emoji.php\/v9\/tba\/1\/16\/1f4e3.png\"> Desde Fundaci\u00f3n Convivir y Fundaci\u00f3n Pro Humanae Vitae convocamos a OSC del Nodo NEA a ser parte del tercer encuentro de los talleres virtuales con perspectiva de g\u00e9nero: &#8220;Varones y masculinidades&#8221;<\/p>\n\n\n\n<p><img decoding=\"async\" height=\"16\" width=\"16\" alt=\"\u27a1\ufe0f\" src=\"https:\/\/static.xx.fbcdn.net\/images\/emoji.php\/v9\/t9e\/1\/16\/27a1.png\"> El encuentro estar\u00e1 a cargo de la Licenciada Ver\u00f3nica Zwicki. Psic\u00f3loga cl\u00ednica con extensa experiencia en consumos problem\u00e1ticos y atenci\u00f3n a personas en situaci\u00f3n de vulnerabilidad <a><\/a>extrema. Instructora del curso de Acompa\u00f1antes Terap\u00e9uticos en el CFP 403 de Luj\u00e1n, coordinadora de la Subcomisi\u00f3n de Consumos Problem\u00e1ticos del Colegio de Psic\u00f3logos Distrito VI (Provincia de Buenos Aires), y ex Directora de la Casa Educativa Terap\u00e9utica (SEDRONAR)<\/p>\n\n\n\n<p><img decoding=\"async\" height=\"16\" width=\"16\" alt=\"\ud83d\uddd3\ufe0f\" src=\"https:\/\/static.xx.fbcdn.net\/images\/emoji.php\/v9\/t5c\/1\/16\/1f5d3.png\"> 24 de Septiembre<\/p>\n\n\n\n<p><img loading=\"lazy\" decoding=\"async\" height=\"16\" width=\"16\" alt=\"\ud83d\udd57\" src=\"https:\/\/static.xx.fbcdn.net\/images\/emoji.php\/v9\/t2f\/1\/16\/1f557.png\"> 18.30 hs<\/p>\n\n\n\n<p><img loading=\"lazy\" decoding=\"async\" height=\"16\" width=\"16\" alt=\"\ud83d\udcbb\" src=\"https:\/\/static.xx.fbcdn.net\/images\/emoji.php\/v9\/t8c\/1\/16\/1f4bb.png\"> Modalidad: virtual<\/p>\n\n\n\n<p><img loading=\"lazy\" decoding=\"async\" height=\"16\" width=\"16\" alt=\"\ud83d\udccd\" src=\"https:\/\/static.xx.fbcdn.net\/images\/emoji.php\/v9\/t2d\/1\/16\/1f4cd.png\"> Actividad gratuita con inscripci\u00f3n previa en: <a href=\"https:\/\/l.facebook.com\/l.php?u=https%3A%2F%2Fbit.ly%2FTalleresdegenero-nodo-nea3%3Ffbclid%3DIwZXh0bgNhZW0CMTAAAR1PkZ3Hj4PhMg65NyXnM2Zx2gmVqS8YcvvvqhCQ4vYwB6Ofo_Ujf5QLflE_aem_y8LpxTFayNCkPbMTG70c1Q&amp;h=AT2M23GJ7kot2ngp-j5W_tnMx4rwZxOUixe9n9QGa_OdZb9DT6nbTAhdLpN8DB_BrNzFbA5zJ03yt6FzGSmRCvosS5V6mlY1YD_c4KW2lcXeuRYxcqbBEfmX_HSL-7U0BXRT&amp;__tn__=-UK-R&amp;c[0]=AT1dSJMBIPKEIeraHBGGxw0vE9YIDfIDmMZpIgnN7QlvzxpBdY0SH2Gp_FA1c1K7-uWn1ZIvzZdcAzsfYUEwtNvVreotXyveBx_d6b2nN1FatWGPC5VxsTgCYIPUosipmSRLTjR4e-5tk9KflVwlQzhOB0yzk4Q_jY5gsDbxffjHysblv99XHCGF7GT01CAO22OssiwVk8EGFAoWGOLGmBRInw\" rel=\"noreferrer noopener\" target=\"_blank\">bit.ly\/Talleresdegenero-nodo-nea3<\/a><\/p>\n\n\n\n<p>Esta actividad forma parte del Proyecto <a href=\"https:\/\/l.facebook.com\/l.php?u=https%3A%2F%2Fwww.instagram.com%2F_u%2Fsociedadcivilenred%3Ffbclid%3DIwZXh0bgNhZW0CMTAAAR0ewXEiZCgEjYmRpgxliOoxOhKSM97-EOpqxAQz4sjXxVhe1-4vRli6RyY_aem_gXji6PDIv_zq-fD5Qi2vLw&amp;h=AT0CWnsifLzQv8GSaA0MwWi1R7q3872joMjJU5uqHFN9NsJMs8TI_Z5nSawaoGx6BK9Ceh7WPgh737N3H_vY6_hXVjdTNRTNPdX0pCyzp5wg2guInSSBIE5BNMSyquKcUWLW&amp;__tn__=-UK-R&amp;c[0]=AT1dSJMBIPKEIeraHBGGxw0vE9YIDfIDmMZpIgnN7QlvzxpBdY0SH2Gp_FA1c1K7-uWn1ZIvzZdcAzsfYUEwtNvVreotXyveBx_d6b2nN1FatWGPC5VxsTgCYIPUosipmSRLTjR4e-5tk9KflVwlQzhOB0yzk4Q_jY5gsDbxffjHysblv99XHCGF7GT01CAO22OssiwVk8EGFAoWGOLGmBRInw\" rel=\"noreferrer noopener\" target=\"_blank\">@sociedadcivilenred<\/a> co-financiado por la Uni\u00f3n Europea en Argentina.<\/p>\n","protected":false},"excerpt":{"rendered":"<p>Desde Fundaci\u00f3n Convivir y Fundaci\u00f3n Pro Humanae Vitae convocamos a OSC del Nodo NEA a ser parte del tercer encuentro de los talleres virtuales con perspectiva de g\u00e9nero: &#8220;Varones y masculinidades&#8221; El encuentro estar\u00e1 a cargo de la Licenciada Ver\u00f3nica Zwicki. Psic\u00f3loga cl\u00ednica con extensa experiencia en consumos problem\u00e1ticos y atenci\u00f3n a personas en situaci\u00f3n [&hellip;]<\/p>\n","protected":false},"author":5,"featured_media":1204,"comment_status":"closed","ping_status":"closed","sticky":false,"template":"","format":"standard","meta":{"footnotes":""},"categories":[1],"tags":[],"class_list":["post-1203","post","type-post","status-publish","format-standard","has-post-thumbnail","hentry","category-eventos"],"_links":{"self":[{"href":"https:\/\/fphv.org\/index.php?rest_route=\/wp\/v2\/posts\/1203","targetHints":{"allow":["GET"]}}],"collection":[{"href":"https:\/\/fphv.org\/index.php?rest_route=\/wp\/v2\/posts"}],"about":[{"href":"https:\/\/fphv.org\/index.php?rest_route=\/wp\/v2\/types\/post"}],"author":[{"embeddable":true,"href":"https:\/\/fphv.org\/index.php?rest_route=\/wp\/v2\/users\/5"}],"replies":[{"embeddable":true,"href":"https:\/\/fphv.org\/index.php?rest_route=%2Fwp%2Fv2%2Fcomments&post=1203"}],"version-history":[{"count":1,"href":"https:\/\/fphv.org\/index.php?rest_route=\/wp\/v2\/posts\/1203\/revisions"}],"predecessor-version":[{"id":1205,"href":"https:\/\/fphv.org\/index.php?rest_route=\/wp\/v2\/posts\/1203\/revisions\/1205"}],"wp:featuredmedia":[{"embeddable":true,"href":"https:\/\/fphv.org\/index.php?rest_route=\/wp\/v2\/media\/1204"}],"wp:attachment":[{"href":"https:\/\/fphv.org\/index.php?rest_route=%2Fwp%2Fv2%2Fmedia&parent=1203"}],"wp:term":[{"taxonomy":"category","embeddable":true,"href":"https:\/\/fphv.org\/index.php?rest_route=%2Fwp%2Fv2%2Fcategories&post=1203"},{"taxonomy":"post_tag","embeddable":true,"href":"https:\/\/fphv.org\/index.php?rest_route=%2Fwp%2Fv2%2Ftags&post=1203"}],"curies":[{"name":"wp","href":"https:\/\/api.w.org\/{rel}","templated":true}]}}