{"id":1200,"date":"2024-09-17T16:16:00","date_gmt":"2024-09-17T19:16:00","guid":{"rendered":"https:\/\/fphv.org\/?p=1200"},"modified":"2024-12-20T16:20:47","modified_gmt":"2024-12-20T19:20:47","slug":"encuentro-chino-argentino-en-la-sala-ginastera","status":"publish","type":"post","link":"https:\/\/fphv.org\/?p=1200","title":{"rendered":"ENCUENTRO CHINO-ARGENTINO EN LA SALA GINASTERA"},"content":{"rendered":"\n<p><img decoding=\"async\" height=\"16\" width=\"16\" alt=\"\ud83c\udfb6\" src=\"https:\/\/static.xx.fbcdn.net\/images\/emoji.php\/v9\/t1f\/1\/16\/1f3b6.png\">Desde el Instituto Cultural, la Embajada de la Rep\u00fablica Popular China y la Fundaci\u00f3n Pro Humanae Vitae, los invitamos al concierto del Cuarteto de Cuerdas de la Ciudad Prohibida, integrantes de la Orquesta Sinf\u00f3nica Nacional de la Rep\u00fablica Popular China.<\/p>\n\n\n\n<p><img decoding=\"async\" height=\"16\" width=\"16\" alt=\"\u2728\" src=\"https:\/\/static.xx.fbcdn.net\/images\/emoji.php\/v9\/tf4\/1\/16\/2728.png\"> Una oportunidad \u00fanica para ver y escuchar esta formaci\u00f3n musical de prestigio internacional junto a la Camerata Acad\u00e9mica del Teatro Argentino<\/p>\n\n\n\n<p><img decoding=\"async\" height=\"16\" width=\"16\" alt=\"\ud83d\udccd\" src=\"https:\/\/static.xx.fbcdn.net\/images\/emoji.php\/v9\/t2d\/1\/16\/1f4cd.png\"><a><\/a>En la Sala Alberto Ginastera del Teatro Argentino<\/p>\n\n\n\n<p><img loading=\"lazy\" decoding=\"async\" height=\"16\" width=\"16\" alt=\"\ud83d\udd17\" src=\"https:\/\/static.xx.fbcdn.net\/images\/emoji.php\/v9\/tb3\/1\/16\/1f517.png\"> Saca tus entradas desde este enlace: <a href=\"https:\/\/docs.google.com\/forms\/d\/e\/1FAIpQLSfBDGpbGxBYRi2PjC5OtZnXvXRxdm2nY65ed05upmBZc1Dl0g\/viewform?fbclid=IwZXh0bgNhZW0CMTAAAR0ewXEiZCgEjYmRpgxliOoxOhKSM97-EOpqxAQz4sjXxVhe1-4vRli6RyY_aem_gXji6PDIv_zq-fD5Qi2vLw\" rel=\"noreferrer noopener\" target=\"_blank\">https:\/\/docs.google.com\/&#8230;\/1FAIpQLSfBDGpbGxBYRi&#8230;\/viewform<\/a><\/p>\n\n\n\n<p><img loading=\"lazy\" decoding=\"async\" height=\"16\" width=\"16\" alt=\"\ud83e\udde7\" src=\"https:\/\/static.xx.fbcdn.net\/images\/emoji.php\/v9\/t3\/1\/16\/1f9e7.png\"> Adem\u00e1s: desfiles de dragones y leones chinos <img loading=\"lazy\" decoding=\"async\" height=\"16\" width=\"16\" alt=\"\ud83d\udc09\" src=\"https:\/\/static.xx.fbcdn.net\/images\/emoji.php\/v9\/td5\/1\/16\/1f409.png\"><img loading=\"lazy\" decoding=\"async\" height=\"16\" width=\"16\" alt=\"\ud83e\udd81\" src=\"https:\/\/static.xx.fbcdn.net\/images\/emoji.php\/v9\/ta\/1\/16\/1f981.png\"> y exhibici\u00f3n de trajes imperiales. <img loading=\"lazy\" decoding=\"async\" height=\"16\" width=\"16\" alt=\"\ud83d\udc58\" src=\"https:\/\/static.xx.fbcdn.net\/images\/emoji.php\/v9\/t6f\/1\/16\/1f458.png\"><\/p>\n\n\n\n<p>Los esperamos!<\/p>\n\n\n\n<p><a href=\"https:\/\/www.facebook.com\/hashtag\/fphv?__eep__=6&amp;__cft__[0]=AZV_V1SxiakO8CFXwyTJ-m-m7PL92ZOQ-rqix1usvQbvXmBHWZpLymwhQ4PhXI4bjI_GEsH09TlgDHsB_XIUuPT_eXg1-IukSBJv6mKAbfDPhruzSu2_GcGyjNj0Xcd02Nq3suNaawGzPkPeXCCH4obsQv63BZ8juYR2Xktl25t29CMfaAVXvD7HnL0kXP6xl0Q&amp;__tn__=*NK-R\">#FPHV<\/a> @buenosairescultura<\/p>\n\n\n\n<p><\/p>\n","protected":false},"excerpt":{"rendered":"<p>Desde el Instituto Cultural, la Embajada de la Rep\u00fablica Popular China y la Fundaci\u00f3n Pro Humanae Vitae, los invitamos al concierto del Cuarteto de Cuerdas de la Ciudad Prohibida, integrantes de la Orquesta Sinf\u00f3nica Nacional de la Rep\u00fablica Popular China. Una oportunidad \u00fanica para ver y escuchar esta formaci\u00f3n musical de prestigio internacional junto a [&hellip;]<\/p>\n","protected":false},"author":5,"featured_media":1201,"comment_status":"closed","ping_status":"closed","sticky":false,"template":"","format":"standard","meta":{"footnotes":""},"categories":[1],"tags":[],"class_list":["post-1200","post","type-post","status-publish","format-standard","has-post-thumbnail","hentry","category-eventos"],"_links":{"self":[{"href":"https:\/\/fphv.org\/index.php?rest_route=\/wp\/v2\/posts\/1200","targetHints":{"allow":["GET"]}}],"collection":[{"href":"https:\/\/fphv.org\/index.php?rest_route=\/wp\/v2\/posts"}],"about":[{"href":"https:\/\/fphv.org\/index.php?rest_route=\/wp\/v2\/types\/post"}],"author":[{"embeddable":true,"href":"https:\/\/fphv.org\/index.php?rest_route=\/wp\/v2\/users\/5"}],"replies":[{"embeddable":true,"href":"https:\/\/fphv.org\/index.php?rest_route=%2Fwp%2Fv2%2Fcomments&post=1200"}],"version-history":[{"count":1,"href":"https:\/\/fphv.org\/index.php?rest_route=\/wp\/v2\/posts\/1200\/revisions"}],"predecessor-version":[{"id":1202,"href":"https:\/\/fphv.org\/index.php?rest_route=\/wp\/v2\/posts\/1200\/revisions\/1202"}],"wp:featuredmedia":[{"embeddable":true,"href":"https:\/\/fphv.org\/index.php?rest_route=\/wp\/v2\/media\/1201"}],"wp:attachment":[{"href":"https:\/\/fphv.org\/index.php?rest_route=%2Fwp%2Fv2%2Fmedia&parent=1200"}],"wp:term":[{"taxonomy":"category","embeddable":true,"href":"https:\/\/fphv.org\/index.php?rest_route=%2Fwp%2Fv2%2Fcategories&post=1200"},{"taxonomy":"post_tag","embeddable":true,"href":"https:\/\/fphv.org\/index.php?rest_route=%2Fwp%2Fv2%2Ftags&post=1200"}],"curies":[{"name":"wp","href":"https:\/\/api.w.org\/{rel}","templated":true}]}}