{"id":1197,"date":"2024-09-08T16:13:00","date_gmt":"2024-09-08T19:13:00","guid":{"rendered":"https:\/\/fphv.org\/?p=1197"},"modified":"2024-12-20T16:16:30","modified_gmt":"2024-12-20T19:16:30","slug":"convenio-entre-el-colegio-de-la-abogacia-y-las-principales-camaras-comerciales-de-la-ciudad","status":"publish","type":"post","link":"https:\/\/fphv.org\/?p=1197","title":{"rendered":"CONVENIO ENTRE EL COLEGIO DE LA ABOGACIA Y LAS PRINCIPALES CAMARAS COMERCIALES DE LA CIUDAD"},"content":{"rendered":"\n<p>Este viernes 6 de septiembre, se realiz\u00f3 en la sede del Colegio de la Abogac\u00eda la firma de un convenio de colaboraci\u00f3n mutua y beneficios entre la entidad y las principales c\u00e1maras comerciales de la ciudad, miembros del Instituto de Formaci\u00f3n y Promoci\u00f3n del Comercio de la FPHV.&nbsp;<\/p>\n\n\n\n<p>En ese marco, los presidentes de las c\u00e1maras miembro fueron recibidos por la presidenta del Colegio de la <a><\/a>Abogac\u00eda, la Dra. Marina Mongiardino.<\/p>\n\n\n\n<p>La firma del convenio, cont\u00f3 con la participaci\u00f3n del presidente de la Asociaci\u00f3n Amigos de Calle Doce, Martin Ranea; el presidente de la C\u00e1mara La Plata Oeste, Walter Mastropietro, acompa\u00f1ado por el Vicepresidente de Desarrollo Territorial, Marcelo Mancuso; la presidenta de la C\u00e1mara Comercial del Centro Platense, Natalia Raciti; el presidente de la C\u00e1mara de Comercio e Industria de City Bell, Mart\u00edn Bizet y el presidente de la C\u00e1mara de Comerciantes e Industriales de Avenida 44, Mat\u00edas Picci.<\/p>\n\n\n\n<p>Este convenio tiene por objetivo establecer las bases para la cooperaci\u00f3n entre el Colegio y las c\u00e1maras comerciales de la ciudad, con el fin de proporcionar a los matriculados, matriculadas, y personal del colegio, descuentos especiales en los establecimientos comerciales, integrantes de cada c\u00e1mara. Esto se dar\u00e1 a trav\u00e9s de las gestiones de cada c\u00e1mara para que los comercios que la integran brinden beneficios a los matriculados y matriculadas como al personal del colegio.<\/p>\n\n\n\n<p>Trabajando de esta manera, la integraci\u00f3n interinstitucional, para brindar m\u00e1s y mejores servicios a los centros comerciales promoviendo la fidelizacion a los clientes, brindando beneficios y generando trabajo y desarrollo en la ciudad.<\/p>\n\n\n\n<p><a href=\"https:\/\/www.facebook.com\/hashtag\/fphv?__eep__=6&amp;__cft__[0]=AZUbWRd-izFnVd6KKSKvaD90EAtcs3Ko9Tim3aoHkho0Srn9q6nmGLK6k_5zSaHoSxqiVoOZQRbdC8Fl4W7DLBdbO3e-B-UDpxPKimVUppvITMpo4Ewg33jg7IfKzR71SjA77gr_8AZaz4zK-0crNePsW3nU-9pjILgRdRGbaPVwZ6lLqD5yURJl0WPVZDIO4-w&amp;__tn__=*NK-R\">#FPHV<\/a><a href=\"https:\/\/l.facebook.com\/l.php?u=https%3A%2F%2Fwww.instagram.com%2F_u%2Fcalp_oficial%3Ffbclid%3DIwZXh0bgNhZW0CMTAAAR1mZcjzbX6AlVMY_w8Rtip9B67EdDrAt_QRGq_yRH74hPn8I7ss4XM51V8_aem_tBfFXRkwGYxxPXFs6fRCNA&amp;h=AT1iB48u3GDUhXU-TtMFXPwvhKDiwO8OdeFAM2QBUqEGaUR-UdMefOuK3qds_anRhcRxozZ841Jd6skR1RwuuA5epH6oNm9iQAUAOCA0a5McFDvFiT4jjwXr2HyTXRdv84ek&amp;__tn__=-UK-R&amp;c[0]=AT3iaMYjNVVXzK5JQbpz9Gbk0iCtlT8nSG5GJg0QQ4aKf_gFVNoLEExpuWCZOCiPvfVll72qWqS8M-IHdTN2LNmVQMi2nby6D1dRbjaT_Eh_6FFpnb1dpVvMEI2fSE-Ju19AUVf_JhJy3eohh5Dz2EgfL8suhY5IP3Qo2Con5HVRFupd9DMk0Xc-mixqQaboMBmGHZnwj4iktMGqh7bu_Gaibw\" target=\"_blank\" rel=\"noreferrer noopener\">@calp_oficial<\/a><a href=\"https:\/\/www.instagram.com\/_u\/marumongiardino?fbclid=IwZXh0bgNhZW0CMTAAAR1kPsG8cYARNXJNX7G-sgHVnHC8ywnmrkCpFDDw-6oYfvFMerrxIYlpQqU_aem_8r_qR0QmcPMlNi7SDyO1Jg\" target=\"_blank\" rel=\"noreferrer noopener\">@marumongiardino<\/a><a href=\"https:\/\/l.facebook.com\/l.php?u=https%3A%2F%2Fwww.instagram.com%2F_u%2Fnatalia_raciti_%3Ffbclid%3DIwZXh0bgNhZW0CMTAAAR2tqo9Lf6I1gKA719gAKZMFVU3Xte1ny4EvVjoaVn05YolzRZB5T5G8AeA_aem_nuPmrJHuT80R1sOEM3pAKg&amp;h=AT1efQ8bnorT7qPWwpY9fi2raFYoyfJ8v71hkWyD2ehC2MZi41hKSUsArPMOWsHwS4nS3UUt-kAZ7d0P-nCiEIapFaWIdxMZLXoDHEwX4SXEqCwxOCRZIyar4tbxEu-Pm8Qe&amp;__tn__=-UK-R&amp;c[0]=AT3iaMYjNVVXzK5JQbpz9Gbk0iCtlT8nSG5GJg0QQ4aKf_gFVNoLEExpuWCZOCiPvfVll72qWqS8M-IHdTN2LNmVQMi2nby6D1dRbjaT_Eh_6FFpnb1dpVvMEI2fSE-Ju19AUVf_JhJy3eohh5Dz2EgfL8suhY5IP3Qo2Con5HVRFupd9DMk0Xc-mixqQaboMBmGHZnwj4iktMGqh7bu_Gaibw\" target=\"_blank\" rel=\"noreferrer noopener\">@natalia_raciti_<\/a><a href=\"https:\/\/www.instagram.com\/_u\/martinbizet?fbclid=IwZXh0bgNhZW0CMTAAAR06GLoPw5EyNxswkNUlsIyqXXhvQlPcDsSFaRShqO3mHQpoBOu8wB01xQ4_aem_VAREuupUiNe7CPWVvG5EMg\" target=\"_blank\" rel=\"noreferrer noopener\">@martinbizet<\/a><a href=\"https:\/\/l.facebook.com\/l.php?u=https%3A%2F%2Fwww.instagram.com%2F_u%2Fmarcelo.mancuso.96%3Ffbclid%3DIwZXh0bgNhZW0CMTAAAR0ewXEiZCgEjYmRpgxliOoxOhKSM97-EOpqxAQz4sjXxVhe1-4vRli6RyY_aem_gXji6PDIv_zq-fD5Qi2vLw&amp;h=AT0oF9_z7SUEI_PCHynA_cgujhnQfVSPzz53lighUQDPq9BgLNP9w1CVL7pdnUicZzSBVQXYCwt0H7IgWWe_IsAwTyIMrLjQ4fU5vXcXM9g5V48_GbVru7jt7DLaw_vUNAiA&amp;__tn__=-UK-R&amp;c[0]=AT3iaMYjNVVXzK5JQbpz9Gbk0iCtlT8nSG5GJg0QQ4aKf_gFVNoLEExpuWCZOCiPvfVll72qWqS8M-IHdTN2LNmVQMi2nby6D1dRbjaT_Eh_6FFpnb1dpVvMEI2fSE-Ju19AUVf_JhJy3eohh5Dz2EgfL8suhY5IP3Qo2Con5HVRFupd9DMk0Xc-mixqQaboMBmGHZnwj4iktMGqh7bu_Gaibw\" target=\"_blank\" rel=\"noreferrer noopener\">@marcelo.mancuso.96<\/a><a href=\"https:\/\/www.instagram.com\/_u\/waltermastropietro?fbclid=IwZXh0bgNhZW0CMTAAAR2tqo9Lf6I1gKA719gAKZMFVU3Xte1ny4EvVjoaVn05YolzRZB5T5G8AeA_aem_nuPmrJHuT80R1sOEM3pAKg\" target=\"_blank\" rel=\"noreferrer noopener\">@waltermastropietro<\/a> @jmatiaspicci <a href=\"https:\/\/www.instagram.com\/_u\/martinranea81?fbclid=IwZXh0bgNhZW0CMTAAAR1kPsG8cYARNXJNX7G-sgHVnHC8ywnmrkCpFDDw-6oYfvFMerrxIYlpQqU_aem_8r_qR0QmcPMlNi7SDyO1Jg\" target=\"_blank\" rel=\"noreferrer noopener\">@martinranea81<\/a><a href=\"https:\/\/l.facebook.com\/l.php?u=https%3A%2F%2Fwww.instagram.com%2F_u%2Fcentrocomercialcalle12%3Ffbclid%3DIwZXh0bgNhZW0CMTAAAR06GLoPw5EyNxswkNUlsIyqXXhvQlPcDsSFaRShqO3mHQpoBOu8wB01xQ4_aem_VAREuupUiNe7CPWVvG5EMg&amp;h=AT1y1lRWXrQIwHNvl9u6UucC9IybppA0W8DdT7FRINnMHeJ4B6dnDQxFrQEzkBcHUD8PP1Akw1L-TIaU2o0hWUGFEb6OoFlCw53xEYvHnpWygYQcVxtYZukAss6suaDBTKi7&amp;__tn__=-UK-R&amp;c[0]=AT3iaMYjNVVXzK5JQbpz9Gbk0iCtlT8nSG5GJg0QQ4aKf_gFVNoLEExpuWCZOCiPvfVll72qWqS8M-IHdTN2LNmVQMi2nby6D1dRbjaT_Eh_6FFpnb1dpVvMEI2fSE-Ju19AUVf_JhJy3eohh5Dz2EgfL8suhY5IP3Qo2Con5HVRFupd9DMk0Xc-mixqQaboMBmGHZnwj4iktMGqh7bu_Gaibw\" target=\"_blank\" rel=\"noreferrer noopener\">@centrocomercialcalle12<\/a><a href=\"https:\/\/l.facebook.com\/l.php?u=https%3A%2F%2Fwww.instagram.com%2F_u%2Fcalpocamara%3Ffbclid%3DIwZXh0bgNhZW0CMTAAAR2wTMdSm-FTjqoxFN7BVXqQPETyzQ2Ku-gMNQnfTHvCxgnlkq3a1EnvDps_aem_s6CyWkmU5VXRVSGvhKP0Bw&amp;h=AT1kMZ6VSeNrnom0oJUPcKW5AR1Jt74jipQJU4np3N8-Ch_bO94KZRKNHXotlQh06ZF9LTK48Rlp7D5ZIo4GaZbJeElIhiDLk-hXfV43Dx1OgxALB1Tsyg9_UKos3psZ3oPz&amp;__tn__=-UK-R&amp;c[0]=AT3iaMYjNVVXzK5JQbpz9Gbk0iCtlT8nSG5GJg0QQ4aKf_gFVNoLEExpuWCZOCiPvfVll72qWqS8M-IHdTN2LNmVQMi2nby6D1dRbjaT_Eh_6FFpnb1dpVvMEI2fSE-Ju19AUVf_JhJy3eohh5Dz2EgfL8suhY5IP3Qo2Con5HVRFupd9DMk0Xc-mixqQaboMBmGHZnwj4iktMGqh7bu_Gaibw\" target=\"_blank\" rel=\"noreferrer noopener\">@calpocamara<\/a> @camara_comercial_del_centro<a href=\"https:\/\/www.facebook.com\/photo\/?fbid=511126511510628&amp;set=pcb.511126524843960&amp;__cft__[0]=AZUbWRd-izFnVd6KKSKvaD90EAtcs3Ko9Tim3aoHkho0Srn9q6nmGLK6k_5zSaHoSxqiVoOZQRbdC8Fl4W7DLBdbO3e-B-UDpxPKimVUppvITMpo4Ewg33jg7IfKzR71SjA77gr_8AZaz4zK-0crNePsW3nU-9pjILgRdRGbaPVwZ6lLqD5yURJl0WPVZDIO4-w&amp;__tn__=*bH-R\"><\/a><\/p>\n\n\n\n<p><\/p>\n","protected":false},"excerpt":{"rendered":"<p>Este viernes 6 de septiembre, se realiz\u00f3 en la sede del Colegio de la Abogac\u00eda la firma de un convenio de colaboraci\u00f3n mutua y beneficios entre la entidad y las principales c\u00e1maras comerciales de la ciudad, miembros del Instituto de Formaci\u00f3n y Promoci\u00f3n del Comercio de la FPHV.&nbsp; En ese marco, los presidentes de las [&hellip;]<\/p>\n","protected":false},"author":5,"featured_media":1198,"comment_status":"closed","ping_status":"closed","sticky":false,"template":"","format":"standard","meta":{"footnotes":""},"categories":[2],"tags":[],"class_list":["post-1197","post","type-post","status-publish","format-standard","has-post-thumbnail","hentry","category-prensa"],"_links":{"self":[{"href":"https:\/\/fphv.org\/index.php?rest_route=\/wp\/v2\/posts\/1197","targetHints":{"allow":["GET"]}}],"collection":[{"href":"https:\/\/fphv.org\/index.php?rest_route=\/wp\/v2\/posts"}],"about":[{"href":"https:\/\/fphv.org\/index.php?rest_route=\/wp\/v2\/types\/post"}],"author":[{"embeddable":true,"href":"https:\/\/fphv.org\/index.php?rest_route=\/wp\/v2\/users\/5"}],"replies":[{"embeddable":true,"href":"https:\/\/fphv.org\/index.php?rest_route=%2Fwp%2Fv2%2Fcomments&post=1197"}],"version-history":[{"count":1,"href":"https:\/\/fphv.org\/index.php?rest_route=\/wp\/v2\/posts\/1197\/revisions"}],"predecessor-version":[{"id":1199,"href":"https:\/\/fphv.org\/index.php?rest_route=\/wp\/v2\/posts\/1197\/revisions\/1199"}],"wp:featuredmedia":[{"embeddable":true,"href":"https:\/\/fphv.org\/index.php?rest_route=\/wp\/v2\/media\/1198"}],"wp:attachment":[{"href":"https:\/\/fphv.org\/index.php?rest_route=%2Fwp%2Fv2%2Fmedia&parent=1197"}],"wp:term":[{"taxonomy":"category","embeddable":true,"href":"https:\/\/fphv.org\/index.php?rest_route=%2Fwp%2Fv2%2Fcategories&post=1197"},{"taxonomy":"post_tag","embeddable":true,"href":"https:\/\/fphv.org\/index.php?rest_route=%2Fwp%2Fv2%2Ftags&post=1197"}],"curies":[{"name":"wp","href":"https:\/\/api.w.org\/{rel}","templated":true}]}}