{"id":1193,"date":"2024-09-03T21:52:00","date_gmt":"2024-09-04T00:52:00","guid":{"rendered":"https:\/\/fphv.org\/?p=1193"},"modified":"2024-12-16T21:59:04","modified_gmt":"2024-12-17T00:59:04","slug":"acuerdo-para-impulsar-la-literatura-entre-los-adultos-mayores","status":"publish","type":"post","link":"https:\/\/fphv.org\/?p=1193","title":{"rendered":"ACUERDO PARA IMPULSAR LA LITERATURA ENTRE LOS ADULTOS MAYORES"},"content":{"rendered":"\n<p>Este lunes 2 de septiembre tuvo lugar la firma de un acuerdo entre el Instituto de la Nueva Edad ( INE) de la Fundaci\u00f3n Pro Humanae Vitae&nbsp; y la Sociedad Argentina de Escritores (SADE) Filial La Plata con la intenci\u00f3n de acercar la literatura a los adultos mayores.<\/p>\n\n\n\n<p>El objetivo es generar concurso de relatos, encuentros de lecturas de poes\u00edas y textos, presentaciones de libros y conferencias, con la franja etaria de <a><\/a>adultos mayores, por la cual el INE viene dando la batalla cultural para que se la reconozca como nueva edad, que las personas m\u00e1s grandes est\u00e1n en condiciones de brindar, en base a la experiencia, a\u00fan mucho a la sociedad.<\/p>\n\n\n\n<p>Adem\u00e1s, a trav\u00e9s de la lectura de libros y de escribir experiencias de vida , las personas de a pie, es decir los no escritores ,podr\u00e1n hacer oir su voz como una forma de sanaci\u00f3n&nbsp; terapeutica, que ameritan estos tiempos de profundos cambios.Cabe agregar la escritura, la&nbsp; narraci\u00f3n y la lectura tambi\u00e9n suman como un&nbsp; proceso de combatir la soledad.<\/p>\n\n\n\n<p>En ese marco, la entidad que nuclea a los escritores locales se comprometi\u00f3 a brindar herramientas para poder ser transmitidas y desarrolladas en conjunto con el INE, mediante la firma de un convenio marco con la FPHV.<\/p>\n\n\n\n<p>En tal sentido, por el INE particip\u00f3 su Directora, Sandra Campos y miembros del mismo; por la SADE La Plata, su presidente Hugo M\u00e1rsico y las directivas Luisa Ramirez y Gladys Gim\u00e9nez; mientras la Fundaci\u00f3n estuvo representada por su&nbsp; fundadora y madrina del INE ,Graciela S\u00e1nchez. Tambi\u00e9n acompa\u00f1aron en el evento representantes de las c\u00e1maras comerciales, la Defensora Ciudadana de la ciudad,Marcela Farroni, y miembros de la comunidad cultural local.<\/p>\n\n\n\n<p>Luego de las palabras de los representantes de las instituciones y de la r\u00fabrica del acuerdo, se cerr\u00f3 el evento con&nbsp; la interpretaci\u00f3n de&nbsp; temas musicales a cargo de Patricia Victoria y Carlos Grandinetti&nbsp; y lectura de poes\u00edas a cargo de Any De As\u00ed.<\/p>\n\n\n\n<p><a href=\"https:\/\/www.facebook.com\/hashtag\/fphv?__eep__=6&amp;__cft__[0]=AZVxcUcAdoB4BnwS6plQAr6xgg2NTmIEU9zG6oRsDZC0tdPDOSW_WTtdCEU7kzdqzlOid9ZFiBNR3YC7RLE1e_r795FoQguG8OmjO5v-05oY3jGa-UOC5D23dL1E9Bl1R69caLTnBiCXXw309XlP0BB0FCMn7SUEP70Yl1OjHYnlxqLefns1LmL1ICBPa-xAXN0&amp;__tn__=*NK-R\">#FPHV<\/a><a href=\"https:\/\/www.facebook.com\/hashtag\/nuevaedad?__eep__=6&amp;__cft__[0]=AZVxcUcAdoB4BnwS6plQAr6xgg2NTmIEU9zG6oRsDZC0tdPDOSW_WTtdCEU7kzdqzlOid9ZFiBNR3YC7RLE1e_r795FoQguG8OmjO5v-05oY3jGa-UOC5D23dL1E9Bl1R69caLTnBiCXXw309XlP0BB0FCMn7SUEP70Yl1OjHYnlxqLefns1LmL1ICBPa-xAXN0&amp;__tn__=*NK-R\">#nuevaedad<\/a><\/p>\n","protected":false},"excerpt":{"rendered":"<p>Este lunes 2 de septiembre tuvo lugar la firma de un acuerdo entre el Instituto de la Nueva Edad ( INE) de la Fundaci\u00f3n Pro Humanae Vitae&nbsp; y la Sociedad Argentina de Escritores (SADE) Filial La Plata con la intenci\u00f3n de acercar la literatura a los adultos mayores. El objetivo es generar concurso de relatos, [&hellip;]<\/p>\n","protected":false},"author":5,"featured_media":1194,"comment_status":"closed","ping_status":"closed","sticky":false,"template":"","format":"standard","meta":{"footnotes":""},"categories":[2],"tags":[],"class_list":["post-1193","post","type-post","status-publish","format-standard","has-post-thumbnail","hentry","category-prensa"],"_links":{"self":[{"href":"https:\/\/fphv.org\/index.php?rest_route=\/wp\/v2\/posts\/1193","targetHints":{"allow":["GET"]}}],"collection":[{"href":"https:\/\/fphv.org\/index.php?rest_route=\/wp\/v2\/posts"}],"about":[{"href":"https:\/\/fphv.org\/index.php?rest_route=\/wp\/v2\/types\/post"}],"author":[{"embeddable":true,"href":"https:\/\/fphv.org\/index.php?rest_route=\/wp\/v2\/users\/5"}],"replies":[{"embeddable":true,"href":"https:\/\/fphv.org\/index.php?rest_route=%2Fwp%2Fv2%2Fcomments&post=1193"}],"version-history":[{"count":1,"href":"https:\/\/fphv.org\/index.php?rest_route=\/wp\/v2\/posts\/1193\/revisions"}],"predecessor-version":[{"id":1195,"href":"https:\/\/fphv.org\/index.php?rest_route=\/wp\/v2\/posts\/1193\/revisions\/1195"}],"wp:featuredmedia":[{"embeddable":true,"href":"https:\/\/fphv.org\/index.php?rest_route=\/wp\/v2\/media\/1194"}],"wp:attachment":[{"href":"https:\/\/fphv.org\/index.php?rest_route=%2Fwp%2Fv2%2Fmedia&parent=1193"}],"wp:term":[{"taxonomy":"category","embeddable":true,"href":"https:\/\/fphv.org\/index.php?rest_route=%2Fwp%2Fv2%2Fcategories&post=1193"},{"taxonomy":"post_tag","embeddable":true,"href":"https:\/\/fphv.org\/index.php?rest_route=%2Fwp%2Fv2%2Ftags&post=1193"}],"curies":[{"name":"wp","href":"https:\/\/api.w.org\/{rel}","templated":true}]}}