{"id":1178,"date":"2024-08-29T21:41:00","date_gmt":"2024-08-30T00:41:00","guid":{"rendered":"https:\/\/fphv.org\/?p=1178"},"modified":"2024-12-16T21:43:09","modified_gmt":"2024-12-17T00:43:09","slug":"derechos-de-las-personas-mayores-y-longevidad-positiva-en-villa-elvira","status":"publish","type":"post","link":"https:\/\/fphv.org\/?p=1178","title":{"rendered":"DERECHOS DE LAS PERSONAS MAYORES Y LONGEVIDAD POSITIVA EN VILLA ELVIRA"},"content":{"rendered":"\n<p>El lunes 26 de agosto se realiz\u00f3 una nueva chala sobre los derechos de las personas mayores a cargo del Instituto de la Nueva Edad de la FPHV en el Club Circunvalaci\u00f3n del barrio de Villa Elvira.<\/p>\n\n\n\n<p>Durante el encuentro se aport\u00f3 informaci\u00f3n sobre los derechos que asisten a las personas mayores y, para introducir en la tem\u00e1tica del surgimiento y trascendencia de &#8220;La Convenci\u00f3n Interamericana sobre los <a><\/a>Derechos de las Personas Mayores&#8221;, se cont\u00f3 con la amena y profesional presentaci\u00f3n del Dr. Alfredo Brunetti, Pro Secretario de Relaciones Institucionales de la Universidad Nacional de La Plata y coordinador de la Mesa de Personas Mayores de dicha Universidad, quien acompa\u00f1a la iniciativa del INE.<\/p>\n\n\n\n<p>En este contexto, los miembros del INE, Omar Barale y Claudia Romero, abordaron temas vinculados a mejorar la calidad de vida de las personas mayores.<\/p>\n\n\n\n<p>Acompa\u00f1aron durante la reuni\u00f3n el Presidente del Club Circunvalaci\u00f3n, H\u00e9ctor Aquino y la Directora del INE Sandra Campos, quien tuvo a cargo la presentaci\u00f3n del encuentro. Asimismo, se cont\u00f3 con la presencia de la madrina del INE, Graciela S\u00e1nchez, la Defensora Ciudadana Marcela Farroni y el padrino del INE y Presidente de la Federaci\u00f3n de Instituciones Culturales y Deportivas de la ciudad de La Plata, Alberto Alba.<\/p>\n\n\n\n<p>Para celebrar el encuentro se abri\u00f3 la actividad con el tema &#8220;Honrar la Vida&#8221; en la voz de Claudia Alba acompa\u00f1ada por el maestro Cristian Garc\u00eda quienes, adem\u00e1s, interpretaron algunos temas musicales al cierre de la jornada.<\/p>\n\n\n\n<p><a href=\"https:\/\/www.facebook.com\/hashtag\/fphv?__eep__=6&amp;__cft__[0]=AZWkm3ncUkino7_hZQzgRYWwvZ7KJW-M7q6r1tPzoyvR1bZfrLLyTA7RoYGPvDU3-rHempVWNwydFuGjSkTX0OMNyIbdb812uovGSZi3qFm8-Ji93P219HPXkRxIpQBOchUUGAjGqLPH_pzRqdshvN5JaO_BnBhNjC_D-VDQDS8CWw18igrGa83Gwf6RYVrJkAY&amp;__tn__=*NK-R\">#FPHV<\/a><a href=\"https:\/\/www.instagram.com\/_u\/gracielafloasanchez?fbclid=IwZXh0bgNhZW0CMTAAAR3t0Ci580aeej2VxSF_v6fSKxXKoRmN50AAgUOuLHiuaM-oJQ-c2es91qw_aem_6gTWaKDBikROT4nyJmQ7GA\" rel=\"noreferrer noopener\" target=\"_blank\">@gracielafloasanchez<\/a><a href=\"https:\/\/www.instagram.com\/_u\/nueva_edad?fbclid=IwZXh0bgNhZW0CMTAAAR1uJc6z_eew1v6jFoq6xXxNH5eKSNmftTGfHt0jzWkQFmqFs9YmuNwu1yo_aem_ZpejZO61KVdKFBDBJbKQ1A\" rel=\"noreferrer noopener\" target=\"_blank\">@nueva_edad<\/a><a href=\"https:\/\/l.facebook.com\/l.php?u=https%3A%2F%2Fwww.instagram.com%2F_u%2Felalba42%3Ffbclid%3DIwZXh0bgNhZW0CMTAAAR262W4MOML21TyfnwFYR_iosiVVFk-JhgkYhk8uJMlOsW_cflVD23_wY5Q_aem_haE4MIjPj0_7KoLTcsmp3A&amp;h=AT2vItNV0kgHmk4fRVY-f6FBhTnJ2mR1h7ijDN293-SRaUnBCIaoItLMG8o1YKi1cJbbsARwM_-9R9t_Rwmc7HV88y0khEV8unef8lHzgS_RnAY6SECNR_OBATdqr5KGTaV7&amp;__tn__=-UK-R&amp;c[0]=AT2EhjlTlTQ_qVbuWM6xOsvZY1DNcTiFuwmG-lTpVSlkkPNqcBBLeP5vVMfTVdrheufDmYvqAjWVI1eSMCCAyCRxP27hfCNjnBFtwCW9ypz0mfs4ZP2IMMqO7HZGqKnGdegeveJK6M5zchGKC9BNrwLxg3QR3ZT6mrbjaD_bijhNa53CMUNwRMqooAXxEcQ2PKFrYXgYtTBg1XeYHJJcNBBFmg\" rel=\"noreferrer noopener\" target=\"_blank\">@elalba42<\/a><a href=\"https:\/\/l.facebook.com\/l.php?u=https%3A%2F%2Fwww.instagram.com%2F_u%2Ffederacionlp%3Ffbclid%3DIwZXh0bgNhZW0CMTAAAR1EQ2Eu5_1EDtDyHWPBDLc6bUrg28lDelEBilkWQekPsCZoquQ7O8gzPps_aem_7kJkfPQ-4eo_MSDpt75GTQ&amp;h=AT2qB6AIQ_drIixGak4bGmOIBXlktxd8W7PbEr3vKmEvAti8-fh1lYOFlPmanQzc3HfQ6pVHvJ3bilaRKtLD5W8FZv8yrl3dlpW06MgYh1ZCg7253SqeWygPuF5DNTT5kvzu&amp;__tn__=-UK-R&amp;c[0]=AT2EhjlTlTQ_qVbuWM6xOsvZY1DNcTiFuwmG-lTpVSlkkPNqcBBLeP5vVMfTVdrheufDmYvqAjWVI1eSMCCAyCRxP27hfCNjnBFtwCW9ypz0mfs4ZP2IMMqO7HZGqKnGdegeveJK6M5zchGKC9BNrwLxg3QR3ZT6mrbjaD_bijhNa53CMUNwRMqooAXxEcQ2PKFrYXgYtTBg1XeYHJJcNBBFmg\" rel=\"noreferrer noopener\" target=\"_blank\">@federacionlp<\/a><a href=\"https:\/\/l.facebook.com\/l.php?u=https%3A%2F%2Fwww.instagram.com%2F_u%2Frelacionesinstitucionalesunlp%3Ffbclid%3DIwZXh0bgNhZW0CMTAAAR3So1NYV8FdB37xT8wWgG8Xd-nugdZqDjwG_M5eQAA0zb4hdQyOo0md5HI_aem_Q7M5qpNZ_5ZYQpecQ3vo3g&amp;h=AT0YJ1syC2X-tHPeddQPoyFsXH1cZZ_45UQe4GA04Sa7_8l6VnQwuXvhDJ5yitrT639E2IwC0sEzGSSyiX6_C6iOALVMDPvesl6tJSx3OjlhhXNKeMj-AAfp4vUEuoEJO4V9T8m0lYj8-iMr7zCS&amp;__tn__=-UK-R&amp;c[0]=AT2EhjlTlTQ_qVbuWM6xOsvZY1DNcTiFuwmG-lTpVSlkkPNqcBBLeP5vVMfTVdrheufDmYvqAjWVI1eSMCCAyCRxP27hfCNjnBFtwCW9ypz0mfs4ZP2IMMqO7HZGqKnGdegeveJK6M5zchGKC9BNrwLxg3QR3ZT6mrbjaD_bijhNa53CMUNwRMqooAXxEcQ2PKFrYXgYtTBg1XeYHJJcNBBFmg\" rel=\"noreferrer noopener\" target=\"_blank\">@relacionesinstitucionalesunlp<\/a><\/p>\n","protected":false},"excerpt":{"rendered":"<p>El lunes 26 de agosto se realiz\u00f3 una nueva chala sobre los derechos de las personas mayores a cargo del Instituto de la Nueva Edad de la FPHV en el Club Circunvalaci\u00f3n del barrio de Villa Elvira. Durante el encuentro se aport\u00f3 informaci\u00f3n sobre los derechos que asisten a las personas mayores y, para introducir [&hellip;]<\/p>\n","protected":false},"author":5,"featured_media":1179,"comment_status":"closed","ping_status":"closed","sticky":false,"template":"","format":"standard","meta":{"footnotes":""},"categories":[2],"tags":[],"class_list":["post-1178","post","type-post","status-publish","format-standard","has-post-thumbnail","hentry","category-prensa"],"_links":{"self":[{"href":"https:\/\/fphv.org\/index.php?rest_route=\/wp\/v2\/posts\/1178","targetHints":{"allow":["GET"]}}],"collection":[{"href":"https:\/\/fphv.org\/index.php?rest_route=\/wp\/v2\/posts"}],"about":[{"href":"https:\/\/fphv.org\/index.php?rest_route=\/wp\/v2\/types\/post"}],"author":[{"embeddable":true,"href":"https:\/\/fphv.org\/index.php?rest_route=\/wp\/v2\/users\/5"}],"replies":[{"embeddable":true,"href":"https:\/\/fphv.org\/index.php?rest_route=%2Fwp%2Fv2%2Fcomments&post=1178"}],"version-history":[{"count":1,"href":"https:\/\/fphv.org\/index.php?rest_route=\/wp\/v2\/posts\/1178\/revisions"}],"predecessor-version":[{"id":1180,"href":"https:\/\/fphv.org\/index.php?rest_route=\/wp\/v2\/posts\/1178\/revisions\/1180"}],"wp:featuredmedia":[{"embeddable":true,"href":"https:\/\/fphv.org\/index.php?rest_route=\/wp\/v2\/media\/1179"}],"wp:attachment":[{"href":"https:\/\/fphv.org\/index.php?rest_route=%2Fwp%2Fv2%2Fmedia&parent=1178"}],"wp:term":[{"taxonomy":"category","embeddable":true,"href":"https:\/\/fphv.org\/index.php?rest_route=%2Fwp%2Fv2%2Fcategories&post=1178"},{"taxonomy":"post_tag","embeddable":true,"href":"https:\/\/fphv.org\/index.php?rest_route=%2Fwp%2Fv2%2Ftags&post=1178"}],"curies":[{"name":"wp","href":"https:\/\/api.w.org\/{rel}","templated":true}]}}