{"id":1175,"date":"2024-08-28T21:37:00","date_gmt":"2024-08-29T00:37:00","guid":{"rendered":"https:\/\/fphv.org\/?p=1175"},"modified":"2024-12-16T21:41:15","modified_gmt":"2024-12-17T00:41:15","slug":"segunda-jornada-del-ciclo-de-charlas-perspectivas-internacionales-en-debate","status":"publish","type":"post","link":"https:\/\/fphv.org\/?p=1175","title":{"rendered":"SEGUNDA JORNADA DEL CICLO DE CHARLAS \u201cPERSPECTIVAS INTERNACIONALES EN DEBATE\u201d"},"content":{"rendered":"\n<p>El martes 20 de agosto realizamos el segundo encuentro de nuestro ciclo de charlas del Instituto de Asuntos Trasnsnacionales &#8220;Perspectivas Internacionales en Debate&#8221;.<\/p>\n\n\n\n<p>En esta oportunidad tuvimos el honor de contar con la exposici\u00f3n magistral del Polit\u00f3logo y Doctor en Relaciones Internacionales, Alejandro Simonoff, quien brind\u00f3 una disertaci\u00f3n acerca del \u201cPosicionamiento de Argentina en la Pol\u00edtica <a><\/a>Internacional\u201d.<\/p>\n\n\n\n<p>Este segundo encuentro fue organizado en el Hotel Grand Brizo, y fue inaugurado por el presidente de nuestra fundaci\u00f3n, Rafael Vel\u00e1zquez.<\/p>\n\n\n\n<p>Agradecemos a <a href=\"https:\/\/l.facebook.com\/l.php?u=https%3A%2F%2Fwww.instagram.com%2F_u%2Falejandrosimonoff%3Ffbclid%3DIwZXh0bgNhZW0CMTAAAR1EQ2Eu5_1EDtDyHWPBDLc6bUrg28lDelEBilkWQekPsCZoquQ7O8gzPps_aem_7kJkfPQ-4eo_MSDpt75GTQ&amp;h=AT1D9P8Dx_qB4KbQU4SUlBBWTTG5-S4UJI-Dkwy_ytHJxteCmXeVkCtT_BPKuAJ_NYzomlqr_702lieltCAJKARNcMZVi_gQh6CcXvQYOz7Q3slflQs_mgrq66bvSP_A21fm&amp;__tn__=-UK-R&amp;c[0]=AT0NUFMIlTP-Ymu0pRzwuYfWOtcJ76XFXWO9hNn_Q8yP78zkXqc-p9NTDJRZDm3iEhfG6PQjHw85MzsRuTCb3UAN4GgYd-jKWpIh3RAAX56qHjW75GqWeEDu4rcDbD4ei-lAmvfkQkcCV4pwUHR5UalPJ4knHOe288_egSpvdUpXsby9wmzF_pRXQCgSndkvSltj6Zq1HDWy-4O7tCkGJ8vl9g\" rel=\"noreferrer noopener\" target=\"_blank\">@alejandrosimonoff<\/a> por acompa\u00f1arnos. Nos encontramos el pr\u00f3ximo mes para la 3\u00aa Edici\u00f3n de nuestro ciclo de charlas.<\/p>\n","protected":false},"excerpt":{"rendered":"<p>El martes 20 de agosto realizamos el segundo encuentro de nuestro ciclo de charlas del Instituto de Asuntos Trasnsnacionales &#8220;Perspectivas Internacionales en Debate&#8221;. En esta oportunidad tuvimos el honor de contar con la exposici\u00f3n magistral del Polit\u00f3logo y Doctor en Relaciones Internacionales, Alejandro Simonoff, quien brind\u00f3 una disertaci\u00f3n acerca del \u201cPosicionamiento de Argentina en la [&hellip;]<\/p>\n","protected":false},"author":5,"featured_media":1176,"comment_status":"closed","ping_status":"closed","sticky":false,"template":"","format":"standard","meta":{"footnotes":""},"categories":[2],"tags":[],"class_list":["post-1175","post","type-post","status-publish","format-standard","has-post-thumbnail","hentry","category-prensa"],"_links":{"self":[{"href":"https:\/\/fphv.org\/index.php?rest_route=\/wp\/v2\/posts\/1175","targetHints":{"allow":["GET"]}}],"collection":[{"href":"https:\/\/fphv.org\/index.php?rest_route=\/wp\/v2\/posts"}],"about":[{"href":"https:\/\/fphv.org\/index.php?rest_route=\/wp\/v2\/types\/post"}],"author":[{"embeddable":true,"href":"https:\/\/fphv.org\/index.php?rest_route=\/wp\/v2\/users\/5"}],"replies":[{"embeddable":true,"href":"https:\/\/fphv.org\/index.php?rest_route=%2Fwp%2Fv2%2Fcomments&post=1175"}],"version-history":[{"count":1,"href":"https:\/\/fphv.org\/index.php?rest_route=\/wp\/v2\/posts\/1175\/revisions"}],"predecessor-version":[{"id":1177,"href":"https:\/\/fphv.org\/index.php?rest_route=\/wp\/v2\/posts\/1175\/revisions\/1177"}],"wp:featuredmedia":[{"embeddable":true,"href":"https:\/\/fphv.org\/index.php?rest_route=\/wp\/v2\/media\/1176"}],"wp:attachment":[{"href":"https:\/\/fphv.org\/index.php?rest_route=%2Fwp%2Fv2%2Fmedia&parent=1175"}],"wp:term":[{"taxonomy":"category","embeddable":true,"href":"https:\/\/fphv.org\/index.php?rest_route=%2Fwp%2Fv2%2Fcategories&post=1175"},{"taxonomy":"post_tag","embeddable":true,"href":"https:\/\/fphv.org\/index.php?rest_route=%2Fwp%2Fv2%2Ftags&post=1175"}],"curies":[{"name":"wp","href":"https:\/\/api.w.org\/{rel}","templated":true}]}}