{"id":1171,"date":"2024-08-25T21:35:00","date_gmt":"2024-08-26T00:35:00","guid":{"rendered":"https:\/\/fphv.org\/?p=1171"},"modified":"2024-12-16T21:37:09","modified_gmt":"2024-12-17T00:37:09","slug":"reunion-con-la-delegada-de-san-carlos","status":"publish","type":"post","link":"https:\/\/fphv.org\/?p=1171","title":{"rendered":"REUNI\u00d3N CON LA DELEGADA DE SAN CARLOS"},"content":{"rendered":"\n<p>El viernes 24 de agosto, integrantes del Instituto de Formaci\u00f3n y Promoci\u00f3n del Comercio de la FPHV se reunieron con la Delegada Municipal de San Carlos, Cecilia Abalos.<\/p>\n\n\n\n<p>La reuni\u00f3n tuvo como objetivo conversar acerca de la situaci\u00f3n actual de la zona, sus posibilidades de desarrollo y los requerimientos para potenciar la misma en forma conjunta, haciendo hincapi\u00e9 en la Avenida 44, luminaria, basura en la rambla, p\u00e9rdidas de agua como as\u00ed <a><\/a>tambi\u00e9n la situaci\u00f3n de la Avenida 32, compartiendo los mismos requerimientos.<\/p>\n\n\n\n<p>Se pact\u00f3 con la delegada, una pr\u00f3xima reuni\u00f3n para tratar el tema de seguridad con autoridades competentes.<\/p>\n\n\n\n<p>Participaron de la reuni\u00f3n Patricia Morales, presidenta de la C\u00e1mara Comercial San Carlos; Mat\u00edas Picci, presidente de la C\u00e1mara de Comerciantes e Industriales de Avenida 44; Natalia Raciti, presidente de la C\u00e1mara Comercial del Centro y Marcelo Mancuso, Vicepresidente de Desarrollo Territorial de la C\u00e1mara La Plata Oeste.<\/p>\n\n\n\n<p><a href=\"https:\/\/www.facebook.com\/hashtag\/fphv?__eep__=6&amp;__cft__[0]=AZUlkZHSUXWsE8EEn9S2sEu476K0MdlbrjHSGubX7KcU1sZdnO9idTzTZ02pudmTdjdSIW2LwZS0Z5jsXrn41b6MTAGr5n15Tv1PFhDsaKBzimH_KklSJF5VJzglO36rkLyVGzg87lRb8JXHScb_UmF0Ev7YVEKHQDF1qDEPFu8DTilrXj2skBsXFQVBk3qv2Hc&amp;__tn__=*NK-R\">#FPHV<\/a><a href=\"https:\/\/l.facebook.com\/l.php?u=https%3A%2F%2Fwww.instagram.com%2F_u%2Fceciliaabalos%3Ffbclid%3DIwZXh0bgNhZW0CMTAAAR3So1NYV8FdB37xT8wWgG8Xd-nugdZqDjwG_M5eQAA0zb4hdQyOo0md5HI_aem_Q7M5qpNZ_5ZYQpecQ3vo3g&amp;h=AT0Os266ox7ULSgytax4wH3-bWWXk_bIsyEX-5Ip6e-oY_E_SG0I3KJnvd_8G5ECIxLFa7r7e1Xj2EUJh-zmM8n2UfJqFGGHRpm5T72TZ0zBaUw7dP9p5Lk3Vd2sqR2YX6qA&amp;__tn__=-UK-R&amp;c[0]=AT2NBEfhZ3SCMrrv1MIdhS-u7iur2qpLaW9KVAJmX8UdKTYUOP_XXDN58eLViYnKxogPD3BScCZWlnTU_eqt6UG0eZKC0nilUOBenaJF04WrVL0R8X1CqOaZK0HDQnMSFYg9gMXn4mMeP_d8YIYusws89z-4T6Lz6Vc4FELce5Iy4EEzR2tEA1qzF_qwoblz6cbhYMpSbKs62WbvXJWrcecqLA\" rel=\"noreferrer noopener\" target=\"_blank\">@ceciliaabalos<\/a><a href=\"https:\/\/l.facebook.com\/l.php?u=https%3A%2F%2Fwww.instagram.com%2F_u%2Fnatalia_raciti_%3Ffbclid%3DIwZXh0bgNhZW0CMTAAAR3So1NYV8FdB37xT8wWgG8Xd-nugdZqDjwG_M5eQAA0zb4hdQyOo0md5HI_aem_Q7M5qpNZ_5ZYQpecQ3vo3g&amp;h=AT2kfJ5LKQrSqbA53ZBAPvV-2itk6TkFlFp8Aq3177Yw3-Sw2CDqLAGDFmhZ6gpeO4hoXKgc4npSISK2SXIjkTJDIdpjCunn6d3nefO8mIPleqbp-kRifond2AQAYUt7p7dx&amp;__tn__=-UK-R&amp;c[0]=AT2NBEfhZ3SCMrrv1MIdhS-u7iur2qpLaW9KVAJmX8UdKTYUOP_XXDN58eLViYnKxogPD3BScCZWlnTU_eqt6UG0eZKC0nilUOBenaJF04WrVL0R8X1CqOaZK0HDQnMSFYg9gMXn4mMeP_d8YIYusws89z-4T6Lz6Vc4FELce5Iy4EEzR2tEA1qzF_qwoblz6cbhYMpSbKs62WbvXJWrcecqLA\" rel=\"noreferrer noopener\" target=\"_blank\">@natalia_raciti_<\/a><a href=\"https:\/\/www.instagram.com\/_u\/marcelo.mancuso.96?fbclid=IwZXh0bgNhZW0CMTAAAR1uJc6z_eew1v6jFoq6xXxNH5eKSNmftTGfHt0jzWkQFmqFs9YmuNwu1yo_aem_ZpejZO61KVdKFBDBJbKQ1A\" rel=\"noreferrer noopener\" target=\"_blank\">@marcelo.mancuso.96<\/a> @jmatiaspicci <a href=\"https:\/\/l.facebook.com\/l.php?u=https%3A%2F%2Fwww.instagram.com%2F_u%2Fpatooomorales%3Ffbclid%3DIwZXh0bgNhZW0CMTAAAR262W4MOML21TyfnwFYR_iosiVVFk-JhgkYhk8uJMlOsW_cflVD23_wY5Q_aem_haE4MIjPj0_7KoLTcsmp3A&amp;h=AT1_niaNQorUUQ7ovUtBrJbWjw_ULp71uO3MaoQItEfDlOR8BCLGmveIP4P-IzAzYQFo5rNEbBl5NqoBLuvOfaw3VD6ubS18R3lxQlC8VasXdcy-ANAi5U7dMOx0PBkJ4yp-&amp;__tn__=-UK-R&amp;c[0]=AT2NBEfhZ3SCMrrv1MIdhS-u7iur2qpLaW9KVAJmX8UdKTYUOP_XXDN58eLViYnKxogPD3BScCZWlnTU_eqt6UG0eZKC0nilUOBenaJF04WrVL0R8X1CqOaZK0HDQnMSFYg9gMXn4mMeP_d8YIYusws89z-4T6Lz6Vc4FELce5Iy4EEzR2tEA1qzF_qwoblz6cbhYMpSbKs62WbvXJWrcecqLA\" rel=\"noreferrer noopener\" target=\"_blank\">@patooomorales<\/a><a href=\"https:\/\/l.facebook.com\/l.php?u=https%3A%2F%2Fwww.instagram.com%2F_u%2Fcalpocamara%3Ffbclid%3DIwZXh0bgNhZW0CMTAAAR1gZPKI6qmhuiaqfYF2LejtHHUYfrEpx2D9wrrhJL4eMRDb4q5w6mIpaPs_aem_Dw9TEveRjwKiPeVYMQF2wQ&amp;h=AT0dpEjOAd0Gmyya_OPM0eBwHOql2PWV3zn2uXm88jU-LudafC5s2RIrNwBhYwciCFTcBifuCLQlrgzmJeIh-0Uk50qKQr8jmbOYMLpBjZz_mfgM-i6ugn1xbpt_Y7HIEhsh&amp;__tn__=-UK-R&amp;c[0]=AT2NBEfhZ3SCMrrv1MIdhS-u7iur2qpLaW9KVAJmX8UdKTYUOP_XXDN58eLViYnKxogPD3BScCZWlnTU_eqt6UG0eZKC0nilUOBenaJF04WrVL0R8X1CqOaZK0HDQnMSFYg9gMXn4mMeP_d8YIYusws89z-4T6Lz6Vc4FELce5Iy4EEzR2tEA1qzF_qwoblz6cbhYMpSbKs62WbvXJWrcecqLA\" rel=\"noreferrer noopener\" target=\"_blank\">@calpocamara<\/a> @camara_comercial_del_centro<\/p>\n","protected":false},"excerpt":{"rendered":"<p>El viernes 24 de agosto, integrantes del Instituto de Formaci\u00f3n y Promoci\u00f3n del Comercio de la FPHV se reunieron con la Delegada Municipal de San Carlos, Cecilia Abalos. La reuni\u00f3n tuvo como objetivo conversar acerca de la situaci\u00f3n actual de la zona, sus posibilidades de desarrollo y los requerimientos para potenciar la misma en forma [&hellip;]<\/p>\n","protected":false},"author":5,"featured_media":1172,"comment_status":"closed","ping_status":"closed","sticky":false,"template":"","format":"standard","meta":{"footnotes":""},"categories":[2],"tags":[],"class_list":["post-1171","post","type-post","status-publish","format-standard","has-post-thumbnail","hentry","category-prensa"],"_links":{"self":[{"href":"https:\/\/fphv.org\/index.php?rest_route=\/wp\/v2\/posts\/1171","targetHints":{"allow":["GET"]}}],"collection":[{"href":"https:\/\/fphv.org\/index.php?rest_route=\/wp\/v2\/posts"}],"about":[{"href":"https:\/\/fphv.org\/index.php?rest_route=\/wp\/v2\/types\/post"}],"author":[{"embeddable":true,"href":"https:\/\/fphv.org\/index.php?rest_route=\/wp\/v2\/users\/5"}],"replies":[{"embeddable":true,"href":"https:\/\/fphv.org\/index.php?rest_route=%2Fwp%2Fv2%2Fcomments&post=1171"}],"version-history":[{"count":1,"href":"https:\/\/fphv.org\/index.php?rest_route=\/wp\/v2\/posts\/1171\/revisions"}],"predecessor-version":[{"id":1173,"href":"https:\/\/fphv.org\/index.php?rest_route=\/wp\/v2\/posts\/1171\/revisions\/1173"}],"wp:featuredmedia":[{"embeddable":true,"href":"https:\/\/fphv.org\/index.php?rest_route=\/wp\/v2\/media\/1172"}],"wp:attachment":[{"href":"https:\/\/fphv.org\/index.php?rest_route=%2Fwp%2Fv2%2Fmedia&parent=1171"}],"wp:term":[{"taxonomy":"category","embeddable":true,"href":"https:\/\/fphv.org\/index.php?rest_route=%2Fwp%2Fv2%2Fcategories&post=1171"},{"taxonomy":"post_tag","embeddable":true,"href":"https:\/\/fphv.org\/index.php?rest_route=%2Fwp%2Fv2%2Ftags&post=1171"}],"curies":[{"name":"wp","href":"https:\/\/api.w.org\/{rel}","templated":true}]}}