{"id":1168,"date":"2024-08-20T21:34:00","date_gmt":"2024-08-21T00:34:00","guid":{"rendered":"https:\/\/fphv.org\/?p=1168"},"modified":"2024-12-16T21:35:49","modified_gmt":"2024-12-17T00:35:49","slug":"talleres-virtuales-con-perspectiva-de-genero-mujeres-y-tareas-de-cuidado","status":"publish","type":"post","link":"https:\/\/fphv.org\/?p=1168","title":{"rendered":"TALLERES VIRTUALES CON PERSPECTIVA DE G\u00c9NERO: MUJERES Y TAREAS DE CUIDADO"},"content":{"rendered":"\n<p>Desde Fundaci\u00f3n Convivir y Fundaci\u00f3n Pro Humanae Vitae convocamos a OSC del Nodo NEA a ser parte del primer encuentro de los talleres virtuales con perspectiva de g\u00e9nero, \u201cMujeres y tareas de cuidado\u201d<\/p>\n\n\n\n<p><img decoding=\"async\" height=\"16\" width=\"16\" alt=\"\u27a1\ufe0f\" src=\"https:\/\/static.xx.fbcdn.net\/images\/emoji.php\/v9\/t9e\/1\/16\/27a1.png\"> El encuentro estar\u00e1 a cargo de la Licenciada en Psicolog\u00eda, B\u00e1rbara Corral. Con especializaci\u00f3n en Salud Social y Comunitaria, con 20 a\u00f1os de trabajo en atenci\u00f3n y ni\u00f1os en contexto de alta <a><\/a>vulnerabilidad. Actual Directora de Ni\u00f1ez y Adolescencia de la Municipalidad de Lujan, Pcia de Buenos Aires.<\/p>\n\n\n\n<p><img decoding=\"async\" height=\"16\" width=\"16\" alt=\"\ud83d\uddd3\" src=\"https:\/\/static.xx.fbcdn.net\/images\/emoji.php\/v9\/t5c\/1\/16\/1f5d3.png\"> Martes 27 de agosto<\/p>\n\n\n\n<p><img decoding=\"async\" height=\"16\" width=\"16\" alt=\"\ud83d\udd5c\" src=\"https:\/\/static.xx.fbcdn.net\/images\/emoji.php\/v9\/t5b\/1\/16\/1f55c.png\"> 18.30 horas<\/p>\n\n\n\n<p><img loading=\"lazy\" decoding=\"async\" height=\"16\" width=\"16\" alt=\"\ud83d\udcbb\" src=\"https:\/\/static.xx.fbcdn.net\/images\/emoji.php\/v9\/t8c\/1\/16\/1f4bb.png\"> Modalidad Virtual<\/p>\n\n\n\n<p><img loading=\"lazy\" decoding=\"async\" height=\"16\" width=\"16\" alt=\"\ud83d\udccd\" src=\"https:\/\/static.xx.fbcdn.net\/images\/emoji.php\/v9\/t2d\/1\/16\/1f4cd.png\"> Actividad gratuita con inscripci\u00f3n previa en: <a href=\"https:\/\/l.facebook.com\/l.php?u=https%3A%2F%2Fbit.ly%2FTalleresdegenero-nodo-nea%3Ffbclid%3DIwZXh0bgNhZW0CMTAAAR3-ag4EHtf9HZVt0Ik_3tNxOhqnUuj9TeTTv80GAzSI0V7YboLurnUkX0E_aem_-GQLe2jZ2hJQ1gdocrzimQ&amp;h=AT3VlN3gfIEbHkPa0mUfFREC67GTX44iJmwS2ju88zZk4c3BcSwdrpsTIm3SNWXxaFpkq7J1ZjSWysuqU8WGYLLrYpkGMqnOqrVxMAHY4S2du8RS6Zhb57Ywf1gQYr8MNjnn&amp;__tn__=-UK-R&amp;c[0]=AT3TcI22Pfp9UtktQeeiu0sGpTTeE0MuZ3QrE_IROwpVmocv46TGB-K2CggRb3UpMIQDRF7JNpQbGCyeSsy7bm9vmZNXBzuH1dpzS1cKrWjVaRWu5iLLrmOw9Deb1Q3Ht1bLx_h-AbiZnwEXddtwhnYIo_v9segdgINUoigCbJRJqxd1GbekMBRMToZm9lwEVXSiQmwSZCg_bXq3YW-sHyyreA\" rel=\"noreferrer noopener\" target=\"_blank\">bit.ly\/Talleresdegenero-nodo-nea<\/a><\/p>\n\n\n\n<p>Esta actividad forma parte del Proyecto <a href=\"https:\/\/l.facebook.com\/l.php?u=https%3A%2F%2Fwww.instagram.com%2F_u%2Fsociedadcivilenred%3Ffbclid%3DIwZXh0bgNhZW0CMTAAAR1uJc6z_eew1v6jFoq6xXxNH5eKSNmftTGfHt0jzWkQFmqFs9YmuNwu1yo_aem_ZpejZO61KVdKFBDBJbKQ1A&amp;h=AT158nGz2NMy4JDlRCL2wE_kFQa1GIIfbdHsrnb1j3Z-7mycgbFD-H9zhmYS_O2VlmA7bTxB9zncEQoeW2h4YhobMtXJY64xWSRIZCZ6pv85Pi4_IpvVnoQIn6AjveNAtXBM&amp;__tn__=-UK-R&amp;c[0]=AT3TcI22Pfp9UtktQeeiu0sGpTTeE0MuZ3QrE_IROwpVmocv46TGB-K2CggRb3UpMIQDRF7JNpQbGCyeSsy7bm9vmZNXBzuH1dpzS1cKrWjVaRWu5iLLrmOw9Deb1Q3Ht1bLx_h-AbiZnwEXddtwhnYIo_v9segdgINUoigCbJRJqxd1GbekMBRMToZm9lwEVXSiQmwSZCg_bXq3YW-sHyyreA\" rel=\"noreferrer noopener\" target=\"_blank\">@sociedadcivilenred<\/a> co-financiado por la Uni\u00f3n Europea en Argentina<\/p>\n","protected":false},"excerpt":{"rendered":"<p>Desde Fundaci\u00f3n Convivir y Fundaci\u00f3n Pro Humanae Vitae convocamos a OSC del Nodo NEA a ser parte del primer encuentro de los talleres virtuales con perspectiva de g\u00e9nero, \u201cMujeres y tareas de cuidado\u201d El encuentro estar\u00e1 a cargo de la Licenciada en Psicolog\u00eda, B\u00e1rbara Corral. Con especializaci\u00f3n en Salud Social y Comunitaria, con 20 a\u00f1os [&hellip;]<\/p>\n","protected":false},"author":5,"featured_media":1169,"comment_status":"closed","ping_status":"closed","sticky":false,"template":"","format":"standard","meta":{"footnotes":""},"categories":[1],"tags":[],"class_list":["post-1168","post","type-post","status-publish","format-standard","has-post-thumbnail","hentry","category-eventos"],"_links":{"self":[{"href":"https:\/\/fphv.org\/index.php?rest_route=\/wp\/v2\/posts\/1168","targetHints":{"allow":["GET"]}}],"collection":[{"href":"https:\/\/fphv.org\/index.php?rest_route=\/wp\/v2\/posts"}],"about":[{"href":"https:\/\/fphv.org\/index.php?rest_route=\/wp\/v2\/types\/post"}],"author":[{"embeddable":true,"href":"https:\/\/fphv.org\/index.php?rest_route=\/wp\/v2\/users\/5"}],"replies":[{"embeddable":true,"href":"https:\/\/fphv.org\/index.php?rest_route=%2Fwp%2Fv2%2Fcomments&post=1168"}],"version-history":[{"count":1,"href":"https:\/\/fphv.org\/index.php?rest_route=\/wp\/v2\/posts\/1168\/revisions"}],"predecessor-version":[{"id":1170,"href":"https:\/\/fphv.org\/index.php?rest_route=\/wp\/v2\/posts\/1168\/revisions\/1170"}],"wp:featuredmedia":[{"embeddable":true,"href":"https:\/\/fphv.org\/index.php?rest_route=\/wp\/v2\/media\/1169"}],"wp:attachment":[{"href":"https:\/\/fphv.org\/index.php?rest_route=%2Fwp%2Fv2%2Fmedia&parent=1168"}],"wp:term":[{"taxonomy":"category","embeddable":true,"href":"https:\/\/fphv.org\/index.php?rest_route=%2Fwp%2Fv2%2Fcategories&post=1168"},{"taxonomy":"post_tag","embeddable":true,"href":"https:\/\/fphv.org\/index.php?rest_route=%2Fwp%2Fv2%2Ftags&post=1168"}],"curies":[{"name":"wp","href":"https:\/\/api.w.org\/{rel}","templated":true}]}}