{"id":1165,"date":"2024-08-19T21:32:00","date_gmt":"2024-08-20T00:32:00","guid":{"rendered":"https:\/\/fphv.org\/?p=1165"},"modified":"2024-12-16T21:34:10","modified_gmt":"2024-12-17T00:34:10","slug":"talleres-virtuales-con-perspectiva-de-genero-para-el-nodo-nea","status":"publish","type":"post","link":"https:\/\/fphv.org\/?p=1165","title":{"rendered":"TALLERES VIRTUALES CON PERSPECTIVA DE G\u00c9NERO PARA EL NODO NEA"},"content":{"rendered":"\n<p>Desde Fundaci\u00f3n Convivir y Fundaci\u00f3n Pro Humanae Vitae convocamos a Organizaciones de la Sociedad Civil del Nodo NEA, pertenecientes a las provincias de Entre R\u00edos, Santa F\u00e9, Corrientes, Misiones, Chaco y Formosa a los encuentros virtuales con perspectiva de g\u00e9nero.<\/p>\n\n\n\n<p><img decoding=\"async\" height=\"16\" width=\"16\" alt=\"\ud83d\udd0d\" src=\"https:\/\/static.xx.fbcdn.net\/images\/emoji.php\/v9\/tc1\/1\/16\/1f50d.png\"> Seis M\u00f3dulos de 2 talleres te\u00f3ricos pr\u00e1cticos cada uno<\/p>\n\n\n\n<p><img decoding=\"async\" height=\"16\" width=\"16\" alt=\"\ud83d\udcc5\" src=\"https:\/\/static.xx.fbcdn.net\/images\/emoji.php\/v9\/t7e\/1\/16\/1f4c5.png\"><a><\/a>Comienzo: 27 de agosto<\/p>\n\n\n\n<p><img decoding=\"async\" height=\"16\" width=\"16\" alt=\"\ud83d\udd57\" src=\"https:\/\/static.xx.fbcdn.net\/images\/emoji.php\/v9\/t2f\/1\/16\/1f557.png\"> 18.30 hs<\/p>\n\n\n\n<p><img loading=\"lazy\" decoding=\"async\" height=\"16\" width=\"16\" alt=\"\ud83c\udf10\" src=\"https:\/\/static.xx.fbcdn.net\/images\/emoji.php\/v9\/taa\/1\/16\/1f310.png\"> Modalidad: virtual<\/p>\n\n\n\n<p><img loading=\"lazy\" decoding=\"async\" height=\"16\" width=\"16\" alt=\"\ud83d\udce9\" src=\"https:\/\/static.xx.fbcdn.net\/images\/emoji.php\/v9\/tc0\/1\/16\/1f4e9.png\"> Actividad gratuita con inscripci\u00f3n previa en: <a href=\"https:\/\/bit.ly\/Talleresdegenero-nodo-nea?fbclid=IwZXh0bgNhZW0CMTAAAR1Fd2G9lfFTwZgwN1aLA_TCn-WphK7528MFJzXHi4WrM4_CG90H_3Z9-TI_aem_73vS3DqwlAbKHqol99LKLA\" rel=\"noreferrer noopener\" target=\"_blank\">bit.ly\/Talleresdegenero-nodo-nea<\/a><\/p>\n\n\n\n<p>Esta actividad forma parte del Proyecto <a href=\"https:\/\/l.facebook.com\/l.php?u=https%3A%2F%2Fwww.instagram.com%2F_u%2Fsociedadcivilenred%3Ffbclid%3DIwZXh0bgNhZW0CMTAAAR0iFkHbyuZT75xDQjHzTzlU5donAt1-tvpxooReppE4ZVoINMBaYk89Oxo_aem_Cr91aH63rSOU9w7xVri_aQ&amp;h=AT158nGz2NMy4JDlRCL2wE_kFQa1GIIfbdHsrnb1j3Z-7mycgbFD-H9zhmYS_O2VlmA7bTxB9zncEQoeW2h4YhobMtXJY64xWSRIZCZ6pv85Pi4_IpvVnoQIn6AjveNAtXBM&amp;__tn__=-UK-R&amp;c[0]=AT3wHiGujte917XjOicsaX3HM0h0IEQVZCV8040Xa57LA4RmPbqjrKcxV0gAqCiqVo3vU4Ks2SS9tIqOKwpVE8K5GWyE9tBUTs4XeTJxfkJMyVmtQNndezUTI28gQy3SRSQ9_3Ut_2lLvwUL66S1EilH0x5-8YzqtzGs4qcUChPrCtdNS-Z1eScUd6pw50oCRU7SCgZGG5ZzwMxBDa5urBj7ig\" rel=\"noreferrer noopener\" target=\"_blank\">@sociedadcivilenred<\/a> co-financiado por la Uni\u00f3n Europea en Argentina.<\/p>\n\n\n\n<p><\/p>\n","protected":false},"excerpt":{"rendered":"<p>Desde Fundaci\u00f3n Convivir y Fundaci\u00f3n Pro Humanae Vitae convocamos a Organizaciones de la Sociedad Civil del Nodo NEA, pertenecientes a las provincias de Entre R\u00edos, Santa F\u00e9, Corrientes, Misiones, Chaco y Formosa a los encuentros virtuales con perspectiva de g\u00e9nero. Seis M\u00f3dulos de 2 talleres te\u00f3ricos pr\u00e1cticos cada uno Comienzo: 27 de agosto 18.30 hs [&hellip;]<\/p>\n","protected":false},"author":5,"featured_media":1166,"comment_status":"closed","ping_status":"closed","sticky":false,"template":"","format":"standard","meta":{"footnotes":""},"categories":[1],"tags":[],"class_list":["post-1165","post","type-post","status-publish","format-standard","has-post-thumbnail","hentry","category-eventos"],"_links":{"self":[{"href":"https:\/\/fphv.org\/index.php?rest_route=\/wp\/v2\/posts\/1165","targetHints":{"allow":["GET"]}}],"collection":[{"href":"https:\/\/fphv.org\/index.php?rest_route=\/wp\/v2\/posts"}],"about":[{"href":"https:\/\/fphv.org\/index.php?rest_route=\/wp\/v2\/types\/post"}],"author":[{"embeddable":true,"href":"https:\/\/fphv.org\/index.php?rest_route=\/wp\/v2\/users\/5"}],"replies":[{"embeddable":true,"href":"https:\/\/fphv.org\/index.php?rest_route=%2Fwp%2Fv2%2Fcomments&post=1165"}],"version-history":[{"count":1,"href":"https:\/\/fphv.org\/index.php?rest_route=\/wp\/v2\/posts\/1165\/revisions"}],"predecessor-version":[{"id":1167,"href":"https:\/\/fphv.org\/index.php?rest_route=\/wp\/v2\/posts\/1165\/revisions\/1167"}],"wp:featuredmedia":[{"embeddable":true,"href":"https:\/\/fphv.org\/index.php?rest_route=\/wp\/v2\/media\/1166"}],"wp:attachment":[{"href":"https:\/\/fphv.org\/index.php?rest_route=%2Fwp%2Fv2%2Fmedia&parent=1165"}],"wp:term":[{"taxonomy":"category","embeddable":true,"href":"https:\/\/fphv.org\/index.php?rest_route=%2Fwp%2Fv2%2Fcategories&post=1165"},{"taxonomy":"post_tag","embeddable":true,"href":"https:\/\/fphv.org\/index.php?rest_route=%2Fwp%2Fv2%2Ftags&post=1165"}],"curies":[{"name":"wp","href":"https:\/\/api.w.org\/{rel}","templated":true}]}}