{"id":1162,"date":"2024-08-14T21:30:00","date_gmt":"2024-08-15T00:30:00","guid":{"rendered":"https:\/\/fphv.org\/?p=1162"},"modified":"2024-12-16T21:32:33","modified_gmt":"2024-12-17T00:32:33","slug":"desde-el-instituto-de-comunicacion-politica-de-la-fundacion-pro-humanae-vitae-te-invitamos-a-ser-parte-de-este-encuentro","status":"publish","type":"post","link":"https:\/\/fphv.org\/?p=1162","title":{"rendered":"Desde el Instituto de Comunicaci\u00f3n Pol\u00edtica de la Fundaci\u00f3n Pro Humanae Vitae te invitamos a ser parte de este encuentro!"},"content":{"rendered":"\n<p>ComPol UCA presenta su nuevo programa ejecutivo \u201c\u00bfC\u00f3mo ser un consultor pol\u00edtico?\u201d a cargo del especialista Carlos Fara <img decoding=\"async\" height=\"16\" width=\"16\" alt=\"\ud83d\udc4f\ud83c\udffb\" src=\"https:\/\/static.xx.fbcdn.net\/images\/emoji.php\/v9\/tf9\/1\/16\/1f44f_1f3fb.png\"> un espacio para aprender tooodo sobre el mundo de la consultor\u00eda pol\u00edtica, desde las \u00e1reas de trabajo hasta la inserci\u00f3n en el mundo laboral, pasando por tooodo lo que eso conlleva <img decoding=\"async\" height=\"16\" width=\"16\" alt=\"\ud83d\udcaa\" src=\"https:\/\/static.xx.fbcdn.net\/images\/emoji.php\/v9\/t6c\/1\/16\/1f4aa.png\"><\/p>\n\n\n\n<p><img decoding=\"async\" height=\"16\" width=\"16\" alt=\"\ud83d\udca1\" src=\"https:\/\/static.xx.fbcdn.net\/images\/emoji.php\/v9\/t3c\/1\/16\/1f4a1.png\">Programa \u00bfC\u00f3mo ser un consultor pol\u00edtico? <img loading=\"lazy\" decoding=\"async\" height=\"16\" width=\"16\" alt=\"\ud83e\udd29\" src=\"https:\/\/static.xx.fbcdn.net\/images\/emoji.php\/v9\/t58\/1\/16\/1f929.png\"><a><\/a>Carlos Fara, consultor con + de 30 a\u00f1os de experiencia, + 200 campa\u00f1as y 76% de efectividad, nos brinda todos sus conocimientos con un invitado\/a en 6 encuentros.<\/p>\n\n\n\n<p><img loading=\"lazy\" decoding=\"async\" height=\"16\" width=\"16\" alt=\"\ud83d\uddd3\" src=\"https:\/\/static.xx.fbcdn.net\/images\/emoji.php\/v9\/t5c\/1\/16\/1f5d3.png\"> Del 19 de agosto al 4 de septiembre, lunes y mi\u00e9rcoles de 18 a 21 hs ARG.<\/p>\n\n\n\n<p><a href=\"https:\/\/www.facebook.com\/hashtag\/formaci%C3%B3n?__eep__=6&amp;__cft__[0]=AZW7Dfh01pGY7hK3ngDsaS60R6xQptE_f_GOzG-6gc9PvjPi-FbNKQdnizxEE2vfIuSp-Dh8C8jleK88Lx3A4xFtTcNzNo5SuJKrbeQIuazLegAW5BtJVtuAQDmy4_syBtqTbjC8ppwd7McAzZJSG3JsLR-BR35bah7eutQU-MDLiS-PRSWrZ7li0u1K6MTWc28&amp;__tn__=*NK-R\">#Formaci\u00f3n<\/a><a href=\"https:\/\/www.facebook.com\/hashtag\/consultor%C3%ADapolitica?__eep__=6&amp;__cft__[0]=AZW7Dfh01pGY7hK3ngDsaS60R6xQptE_f_GOzG-6gc9PvjPi-FbNKQdnizxEE2vfIuSp-Dh8C8jleK88Lx3A4xFtTcNzNo5SuJKrbeQIuazLegAW5BtJVtuAQDmy4_syBtqTbjC8ppwd7McAzZJSG3JsLR-BR35bah7eutQU-MDLiS-PRSWrZ7li0u1K6MTWc28&amp;__tn__=*NK-R\">#Consultor\u00edaPolitica<\/a><a href=\"https:\/\/www.facebook.com\/hashtag\/politica?__eep__=6&amp;__cft__[0]=AZW7Dfh01pGY7hK3ngDsaS60R6xQptE_f_GOzG-6gc9PvjPi-FbNKQdnizxEE2vfIuSp-Dh8C8jleK88Lx3A4xFtTcNzNo5SuJKrbeQIuazLegAW5BtJVtuAQDmy4_syBtqTbjC8ppwd7McAzZJSG3JsLR-BR35bah7eutQU-MDLiS-PRSWrZ7li0u1K6MTWc28&amp;__tn__=*NK-R\">#Politica<\/a><a href=\"https:\/\/www.facebook.com\/hashtag\/consultoria?__eep__=6&amp;__cft__[0]=AZW7Dfh01pGY7hK3ngDsaS60R6xQptE_f_GOzG-6gc9PvjPi-FbNKQdnizxEE2vfIuSp-Dh8C8jleK88Lx3A4xFtTcNzNo5SuJKrbeQIuazLegAW5BtJVtuAQDmy4_syBtqTbjC8ppwd7McAzZJSG3JsLR-BR35bah7eutQU-MDLiS-PRSWrZ7li0u1K6MTWc28&amp;__tn__=*NK-R\">#Consultoria<\/a><a href=\"https:\/\/www.facebook.com\/hashtag\/uca?__eep__=6&amp;__cft__[0]=AZW7Dfh01pGY7hK3ngDsaS60R6xQptE_f_GOzG-6gc9PvjPi-FbNKQdnizxEE2vfIuSp-Dh8C8jleK88Lx3A4xFtTcNzNo5SuJKrbeQIuazLegAW5BtJVtuAQDmy4_syBtqTbjC8ppwd7McAzZJSG3JsLR-BR35bah7eutQU-MDLiS-PRSWrZ7li0u1K6MTWc28&amp;__tn__=*NK-R\">#UCA<\/a><a href=\"https:\/\/www.facebook.com\/hashtag\/argentina?__eep__=6&amp;__cft__[0]=AZW7Dfh01pGY7hK3ngDsaS60R6xQptE_f_GOzG-6gc9PvjPi-FbNKQdnizxEE2vfIuSp-Dh8C8jleK88Lx3A4xFtTcNzNo5SuJKrbeQIuazLegAW5BtJVtuAQDmy4_syBtqTbjC8ppwd7McAzZJSG3JsLR-BR35bah7eutQU-MDLiS-PRSWrZ7li0u1K6MTWc28&amp;__tn__=*NK-R\">#Argentina<\/a><a href=\"https:\/\/www.facebook.com\/hashtag\/asacop?__eep__=6&amp;__cft__[0]=AZW7Dfh01pGY7hK3ngDsaS60R6xQptE_f_GOzG-6gc9PvjPi-FbNKQdnizxEE2vfIuSp-Dh8C8jleK88Lx3A4xFtTcNzNo5SuJKrbeQIuazLegAW5BtJVtuAQDmy4_syBtqTbjC8ppwd7McAzZJSG3JsLR-BR35bah7eutQU-MDLiS-PRSWrZ7li0u1K6MTWc28&amp;__tn__=*NK-R\">#ASACOP<\/a><\/p>\n\n\n\n<p><\/p>\n","protected":false},"excerpt":{"rendered":"<p>ComPol UCA presenta su nuevo programa ejecutivo \u201c\u00bfC\u00f3mo ser un consultor pol\u00edtico?\u201d a cargo del especialista Carlos Fara un espacio para aprender tooodo sobre el mundo de la consultor\u00eda pol\u00edtica, desde las \u00e1reas de trabajo hasta la inserci\u00f3n en el mundo laboral, pasando por tooodo lo que eso conlleva Programa \u00bfC\u00f3mo ser un consultor pol\u00edtico? [&hellip;]<\/p>\n","protected":false},"author":5,"featured_media":1163,"comment_status":"closed","ping_status":"closed","sticky":false,"template":"","format":"standard","meta":{"footnotes":""},"categories":[1,2],"tags":[],"class_list":["post-1162","post","type-post","status-publish","format-standard","has-post-thumbnail","hentry","category-eventos","category-prensa"],"_links":{"self":[{"href":"https:\/\/fphv.org\/index.php?rest_route=\/wp\/v2\/posts\/1162","targetHints":{"allow":["GET"]}}],"collection":[{"href":"https:\/\/fphv.org\/index.php?rest_route=\/wp\/v2\/posts"}],"about":[{"href":"https:\/\/fphv.org\/index.php?rest_route=\/wp\/v2\/types\/post"}],"author":[{"embeddable":true,"href":"https:\/\/fphv.org\/index.php?rest_route=\/wp\/v2\/users\/5"}],"replies":[{"embeddable":true,"href":"https:\/\/fphv.org\/index.php?rest_route=%2Fwp%2Fv2%2Fcomments&post=1162"}],"version-history":[{"count":1,"href":"https:\/\/fphv.org\/index.php?rest_route=\/wp\/v2\/posts\/1162\/revisions"}],"predecessor-version":[{"id":1164,"href":"https:\/\/fphv.org\/index.php?rest_route=\/wp\/v2\/posts\/1162\/revisions\/1164"}],"wp:featuredmedia":[{"embeddable":true,"href":"https:\/\/fphv.org\/index.php?rest_route=\/wp\/v2\/media\/1163"}],"wp:attachment":[{"href":"https:\/\/fphv.org\/index.php?rest_route=%2Fwp%2Fv2%2Fmedia&parent=1162"}],"wp:term":[{"taxonomy":"category","embeddable":true,"href":"https:\/\/fphv.org\/index.php?rest_route=%2Fwp%2Fv2%2Fcategories&post=1162"},{"taxonomy":"post_tag","embeddable":true,"href":"https:\/\/fphv.org\/index.php?rest_route=%2Fwp%2Fv2%2Ftags&post=1162"}],"curies":[{"name":"wp","href":"https:\/\/api.w.org\/{rel}","templated":true}]}}