{"id":1159,"date":"2024-08-12T21:29:00","date_gmt":"2024-08-13T00:29:00","guid":{"rendered":"https:\/\/fphv.org\/?p=1159"},"modified":"2024-12-16T21:30:42","modified_gmt":"2024-12-17T00:30:42","slug":"segunda-edicion-del-ciclo-de-charlas-perspectivas-internacionales-en-debate-con-alejandro-simonoff","status":"publish","type":"post","link":"https:\/\/fphv.org\/?p=1159","title":{"rendered":"SEGUNDA EDICION DEL CICLO DE CHARLAS: PERSPECTIVAS INTERNACIONALES EN DEBATE CON ALEJANDRO SIMONOFF"},"content":{"rendered":"\n<p>Desde el Instituto de Asuntos Transnacionales te invitamos de la FPHV, a participar de la segunda edici\u00f3n de PERSPECTIVAS INTERNACIONALES EN DEBATE, un ciclo de charlas que te ayudara a repensas las relaciones internacionales<img decoding=\"async\" height=\"16\" width=\"16\" alt=\"\ud83e\udd2f\" src=\"https:\/\/static.xx.fbcdn.net\/images\/emoji.php\/v9\/t5\/1\/16\/1f92f.png\"><\/p>\n\n\n\n<p>En esta oportunidad, contamos con la presencia de ALEJANDRO CESAR SIMONOFF, Doctor en Relaciones Internacionales por la UNLP, Profesor adjunto en la <a><\/a>Facultad de Humanidades y Ciencias de la Educaci\u00f3n de la UNLP, Profesor titular de Pol\u00edtica Exterior Argentina en la Facultad de Ciencias Pol\u00edticas y Sociales de la UCALP y Profesor en la Maestr\u00eda y Doctorado de Relaciones Internacionales de la UNLP.<\/p>\n\n\n\n<p><img decoding=\"async\" height=\"16\" width=\"16\" alt=\"\ud83d\udcc5\" src=\"https:\/\/static.xx.fbcdn.net\/images\/emoji.php\/v9\/t7e\/1\/16\/1f4c5.png\"> Martes 20 de agosto<\/p>\n\n\n\n<p><img decoding=\"async\" height=\"16\" width=\"16\" alt=\"\u23f0\" src=\"https:\/\/static.xx.fbcdn.net\/images\/emoji.php\/v9\/t34\/1\/16\/23f0.png\"> 18 Horas<\/p>\n\n\n\n<p><img loading=\"lazy\" decoding=\"async\" height=\"16\" width=\"16\" alt=\"\ud83d\udccd\" src=\"https:\/\/static.xx.fbcdn.net\/images\/emoji.php\/v9\/t2d\/1\/16\/1f4cd.png\"> Hotel Grand Brizo<\/p>\n\n\n\n<p><img loading=\"lazy\" decoding=\"async\" height=\"16\" width=\"16\" alt=\"\u27a1\ufe0f\" src=\"https:\/\/static.xx.fbcdn.net\/images\/emoji.php\/v9\/t9e\/1\/16\/27a1.png\">ACTIVIDAD GRATUITA CON INSCRIPCI\u00d3N PREVIA. CUPOS LIMITADOS<\/p>\n\n\n\n<p>Inscripciones : <a href=\"https:\/\/forms.gle\/ASLbCfpzHVHsHMpZ6?fbclid=IwZXh0bgNhZW0CMTAAAR1uJc6z_eew1v6jFoq6xXxNH5eKSNmftTGfHt0jzWkQFmqFs9YmuNwu1yo_aem_ZpejZO61KVdKFBDBJbKQ1A\" rel=\"noreferrer noopener\" target=\"_blank\">https:\/\/forms.gle\/ASLbCfpzHVHsHMpZ6<\/a><\/p>\n","protected":false},"excerpt":{"rendered":"<p>Desde el Instituto de Asuntos Transnacionales te invitamos de la FPHV, a participar de la segunda edici\u00f3n de PERSPECTIVAS INTERNACIONALES EN DEBATE, un ciclo de charlas que te ayudara a repensas las relaciones internacionales En esta oportunidad, contamos con la presencia de ALEJANDRO CESAR SIMONOFF, Doctor en Relaciones Internacionales por la UNLP, Profesor adjunto en [&hellip;]<\/p>\n","protected":false},"author":5,"featured_media":1160,"comment_status":"closed","ping_status":"closed","sticky":false,"template":"","format":"standard","meta":{"footnotes":""},"categories":[1],"tags":[],"class_list":["post-1159","post","type-post","status-publish","format-standard","has-post-thumbnail","hentry","category-eventos"],"_links":{"self":[{"href":"https:\/\/fphv.org\/index.php?rest_route=\/wp\/v2\/posts\/1159","targetHints":{"allow":["GET"]}}],"collection":[{"href":"https:\/\/fphv.org\/index.php?rest_route=\/wp\/v2\/posts"}],"about":[{"href":"https:\/\/fphv.org\/index.php?rest_route=\/wp\/v2\/types\/post"}],"author":[{"embeddable":true,"href":"https:\/\/fphv.org\/index.php?rest_route=\/wp\/v2\/users\/5"}],"replies":[{"embeddable":true,"href":"https:\/\/fphv.org\/index.php?rest_route=%2Fwp%2Fv2%2Fcomments&post=1159"}],"version-history":[{"count":1,"href":"https:\/\/fphv.org\/index.php?rest_route=\/wp\/v2\/posts\/1159\/revisions"}],"predecessor-version":[{"id":1161,"href":"https:\/\/fphv.org\/index.php?rest_route=\/wp\/v2\/posts\/1159\/revisions\/1161"}],"wp:featuredmedia":[{"embeddable":true,"href":"https:\/\/fphv.org\/index.php?rest_route=\/wp\/v2\/media\/1160"}],"wp:attachment":[{"href":"https:\/\/fphv.org\/index.php?rest_route=%2Fwp%2Fv2%2Fmedia&parent=1159"}],"wp:term":[{"taxonomy":"category","embeddable":true,"href":"https:\/\/fphv.org\/index.php?rest_route=%2Fwp%2Fv2%2Fcategories&post=1159"},{"taxonomy":"post_tag","embeddable":true,"href":"https:\/\/fphv.org\/index.php?rest_route=%2Fwp%2Fv2%2Ftags&post=1159"}],"curies":[{"name":"wp","href":"https:\/\/api.w.org\/{rel}","templated":true}]}}