{"id":1156,"date":"2024-08-08T21:26:00","date_gmt":"2024-08-09T00:26:00","guid":{"rendered":"https:\/\/fphv.org\/?p=1156"},"modified":"2024-12-16T21:29:01","modified_gmt":"2024-12-17T00:29:01","slug":"sensibilizacion-en-violencias-por-razones-de-genero-en-la-delegacion-san-carlos","status":"publish","type":"post","link":"https:\/\/fphv.org\/?p=1156","title":{"rendered":"SENSIBILIZACI\u00d3N EN VIOLENCIAS POR RAZONES DE G\u00c9NERO EN LA DELEGACI\u00d3N SAN CARLOS\u00a0"},"content":{"rendered":"\n<p>Este martes 6 de agosto, tuvo lugar en el centro comunal San Carlos, un encuentro sobre abordaje y sensibilizaci\u00f3n en Violencias por razones de g\u00e9nero,&nbsp; en donde el Consejo Consultivo de Pol\u00edticas P\u00fablicas para Mujeres y Diversidad, la delegada comunal Cecilia Abalos, Natalia Raciti, directora del Instituto de la mujer FPHV, Erica Perez, miembro del Instituto de la Mujer y mujeres referentes <a><\/a>barriales, dialogaron sobre la necesidad de informar los recursos y herramientas para enfrentar situaciones de violencia de g\u00e9nero.<\/p>\n\n\n\n<p><a href=\"https:\/\/www.facebook.com\/hashtag\/fphv?__eep__=6&amp;__cft__[0]=AZVKYOtSSjNqQFCKN0KTZaAfAYT0VY-05JDWm85rat9UbwSfuuSUCXxqV8SPRoER1nvvTafiUjMX9Je3wh3yxeO1ZfUQ5Clyo666V9feSYMRZpR4SXZUZOGfyo2D5FqgMzrr-vhJN_4P36HhQyvJax3k4d70-9nPsw6zgopdsVdpFFDDvXrz0RYqFlaQQVly1Kc&amp;__tn__=*NK-R\">#FPHV<\/a><a href=\"https:\/\/l.facebook.com\/l.php?u=https%3A%2F%2Fwww.instagram.com%2F_u%2Fnatalia_raciti_%3Ffbclid%3DIwZXh0bgNhZW0CMTAAAR1gZPKI6qmhuiaqfYF2LejtHHUYfrEpx2D9wrrhJL4eMRDb4q5w6mIpaPs_aem_Dw9TEveRjwKiPeVYMQF2wQ&amp;h=AT2kfJ5LKQrSqbA53ZBAPvV-2itk6TkFlFp8Aq3177Yw3-Sw2CDqLAGDFmhZ6gpeO4hoXKgc4npSISK2SXIjkTJDIdpjCunn6d3nefO8mIPleqbp-kRifond2AQAYUt7p7dx&amp;__tn__=-UK-R&amp;c[0]=AT0ZnuGUkJkvRLRErvhxhdvDPjEz8Mw0VMqIDeTkNelfrJhMmY_Y3mwCVA8fqyr2LJlbSKHv36HSd5WypQNzb6S-et_QIPcbKvL_f_3z8iulZhoumw1VAEWwqcjC76pczuSO2IjdhQzrnr-1HckGd674kliKV1QR2Nq4IJczxo4Ji5uAOvbeNHNzeaH03BW6F1DQst4MtqleHJwE4YLo_juccw\" rel=\"noreferrer noopener\" target=\"_blank\">@natalia_raciti_<\/a><\/p>\n\n\n\n<p><a href=\"https:\/\/l.facebook.com\/l.php?u=https%3A%2F%2Fwww.instagram.com%2F_u%2Ferica.perez2019%3Ffbclid%3DIwZXh0bgNhZW0CMTAAAR0iFkHbyuZT75xDQjHzTzlU5donAt1-tvpxooReppE4ZVoINMBaYk89Oxo_aem_Cr91aH63rSOU9w7xVri_aQ&amp;h=AT3p8bPgpIIHVQ0h0swuKUUiFXIfq_-WRKUBDD2kSCvk_Jn8GUpEUfXdQEdPtQ41H1rucgcL7mVtQtkskRynJTj887hbWTW7lE1t5YE_Sa2pFCmHr3jcl2M4QVuzGJGu5PO1&amp;__tn__=-UK-R&amp;c[0]=AT0ZnuGUkJkvRLRErvhxhdvDPjEz8Mw0VMqIDeTkNelfrJhMmY_Y3mwCVA8fqyr2LJlbSKHv36HSd5WypQNzb6S-et_QIPcbKvL_f_3z8iulZhoumw1VAEWwqcjC76pczuSO2IjdhQzrnr-1HckGd674kliKV1QR2Nq4IJczxo4Ji5uAOvbeNHNzeaH03BW6F1DQst4MtqleHJwE4YLo_juccw\" rel=\"noreferrer noopener\" target=\"_blank\">@erica.perez2019<\/a><\/p>\n\n\n\n<p><a href=\"https:\/\/l.facebook.com\/l.php?u=https%3A%2F%2Fwww.instagram.com%2F_u%2Fceciliaabalos%3Ffbclid%3DIwZXh0bgNhZW0CMTAAAR0iFkHbyuZT75xDQjHzTzlU5donAt1-tvpxooReppE4ZVoINMBaYk89Oxo_aem_Cr91aH63rSOU9w7xVri_aQ&amp;h=AT0Os266ox7ULSgytax4wH3-bWWXk_bIsyEX-5Ip6e-oY_E_SG0I3KJnvd_8G5ECIxLFa7r7e1Xj2EUJh-zmM8n2UfJqFGGHRpm5T72TZ0zBaUw7dP9p5Lk3Vd2sqR2YX6qA&amp;__tn__=-UK-R&amp;c[0]=AT0ZnuGUkJkvRLRErvhxhdvDPjEz8Mw0VMqIDeTkNelfrJhMmY_Y3mwCVA8fqyr2LJlbSKHv36HSd5WypQNzb6S-et_QIPcbKvL_f_3z8iulZhoumw1VAEWwqcjC76pczuSO2IjdhQzrnr-1HckGd674kliKV1QR2Nq4IJczxo4Ji5uAOvbeNHNzeaH03BW6F1DQst4MtqleHJwE4YLo_juccw\" target=\"_blank\" rel=\"noreferrer noopener\">@ceciliaabalos<\/a><a href=\"https:\/\/www.facebook.com\/photo\/?fbid=491356396820973&amp;set=pcb.491356426820970&amp;__cft__[0]=AZVKYOtSSjNqQFCKN0KTZaAfAYT0VY-05JDWm85rat9UbwSfuuSUCXxqV8SPRoER1nvvTafiUjMX9Je3wh3yxeO1ZfUQ5Clyo666V9feSYMRZpR4SXZUZOGfyo2D5FqgMzrr-vhJN_4P36HhQyvJax3k4d70-9nPsw6zgopdsVdpFFDDvXrz0RYqFlaQQVly1Kc&amp;__tn__=*bH-R\"><\/a><\/p>\n\n\n\n<p><\/p>\n","protected":false},"excerpt":{"rendered":"<p>Este martes 6 de agosto, tuvo lugar en el centro comunal San Carlos, un encuentro sobre abordaje y sensibilizaci\u00f3n en Violencias por razones de g\u00e9nero,&nbsp; en donde el Consejo Consultivo de Pol\u00edticas P\u00fablicas para Mujeres y Diversidad, la delegada comunal Cecilia Abalos, Natalia Raciti, directora del Instituto de la mujer FPHV, Erica Perez, miembro del [&hellip;]<\/p>\n","protected":false},"author":5,"featured_media":1157,"comment_status":"closed","ping_status":"closed","sticky":false,"template":"","format":"standard","meta":{"footnotes":""},"categories":[2],"tags":[],"class_list":["post-1156","post","type-post","status-publish","format-standard","has-post-thumbnail","hentry","category-prensa"],"_links":{"self":[{"href":"https:\/\/fphv.org\/index.php?rest_route=\/wp\/v2\/posts\/1156","targetHints":{"allow":["GET"]}}],"collection":[{"href":"https:\/\/fphv.org\/index.php?rest_route=\/wp\/v2\/posts"}],"about":[{"href":"https:\/\/fphv.org\/index.php?rest_route=\/wp\/v2\/types\/post"}],"author":[{"embeddable":true,"href":"https:\/\/fphv.org\/index.php?rest_route=\/wp\/v2\/users\/5"}],"replies":[{"embeddable":true,"href":"https:\/\/fphv.org\/index.php?rest_route=%2Fwp%2Fv2%2Fcomments&post=1156"}],"version-history":[{"count":1,"href":"https:\/\/fphv.org\/index.php?rest_route=\/wp\/v2\/posts\/1156\/revisions"}],"predecessor-version":[{"id":1158,"href":"https:\/\/fphv.org\/index.php?rest_route=\/wp\/v2\/posts\/1156\/revisions\/1158"}],"wp:featuredmedia":[{"embeddable":true,"href":"https:\/\/fphv.org\/index.php?rest_route=\/wp\/v2\/media\/1157"}],"wp:attachment":[{"href":"https:\/\/fphv.org\/index.php?rest_route=%2Fwp%2Fv2%2Fmedia&parent=1156"}],"wp:term":[{"taxonomy":"category","embeddable":true,"href":"https:\/\/fphv.org\/index.php?rest_route=%2Fwp%2Fv2%2Fcategories&post=1156"},{"taxonomy":"post_tag","embeddable":true,"href":"https:\/\/fphv.org\/index.php?rest_route=%2Fwp%2Fv2%2Ftags&post=1156"}],"curies":[{"name":"wp","href":"https:\/\/api.w.org\/{rel}","templated":true}]}}