{"id":1153,"date":"2024-08-05T21:24:00","date_gmt":"2024-08-06T00:24:00","guid":{"rendered":"https:\/\/fphv.org\/?p=1153"},"modified":"2024-12-16T21:26:19","modified_gmt":"2024-12-17T00:26:19","slug":"presentacion-de-materiales-sobre-cuota-alimentaria","status":"publish","type":"post","link":"https:\/\/fphv.org\/?p=1153","title":{"rendered":"PRESENTACI\u00d3N DE MATERIALES SOBRE CUOTA ALIMENTARIA\u00a0"},"content":{"rendered":"\n<p>Este viernes 2 de agosto, el Instituto de la Mujer de la FPHV estuvo presente en la presentaci\u00f3n de dos materiales sobre cuota alimentaria en la Honorable C\u00e1mara de Diputados de la provincia de Buenos Aires. Los mismos fueron elaborados por el equipo de la Direcci\u00f3n de Equidad de G\u00e9nero y Diversidad Sexual, a cargo de su directora Maru Breard.<\/p>\n\n\n\n<p>Participaron del evento, Natalia Raciti, directora del Instituto de la Mujer; <a><\/a>Graciela Sanchez, fundadora de la FPHV y Gabriela Paredes, directora de Staff de la FPHV.<\/p>\n\n\n\n<p>La \u201cGu\u00eda Territorial de Informaci\u00f3n B\u00e1sica sobre el Reclamo de la Cuota Alimentaria\u201d, est\u00e1 destinada a las maternidades, con la ilustraci\u00f3n destacada de Ro Ferrer, es una herramienta gu\u00eda para aquellas madres que inician la ruta cr\u00edtica de la cuota alimentaria, permitiendo prepararlas y orientarlas para el proceso pero a la vez para los obst\u00e1culos que podr\u00edan encontrar durante el recorrido y \u201cBuenas Pr\u00e1cticas en la Determinaci\u00f3n del Quantum de Cuota Alimentaria\u201d, dirigido a los operadores jur\u00eddicos, busca brindar pautas claras y efectivas para la determinaci\u00f3n del quantum de la cuota alimentaria.&nbsp;<\/p>\n\n\n\n<p>Entre los objetivos principales, se encuentran informar en lenguaje claro, el derecho de ni\u00f1as, ni\u00f1os y adolescentes a percibir una cuota alimentaria digna. Garantizar el derecho a vivir una vida libre de violencia, dedicada a quienes ejercen el cuidado personal de ni\u00f1as, ni\u00f1os y adolescentes, informando sobre la violencia econ\u00f3mica que se produce a trav\u00e9s de la negaci\u00f3n de alimentos.&nbsp;<\/p>\n\n\n\n<p><a href=\"https:\/\/www.facebook.com\/hashtag\/fphv?__eep__=6&amp;__cft__[0]=AZX1w1K-JL1gvmYgL3oNJBLO-1SGV7OmnJsIeFiFlNrbRzlGp6CgDmVZxEWpzrGZ56OlaUBRivCWD1rxDROeguPnOpua5H-pYlEHr0oDCyP2UHwgo3FY5qv0zV2gGaZWvBgnu2ZWATr0kfRQu43ZzhiVoKb_sfn2pz0kwRL9AxYYhGSFTCn7C_448jk9HcnzH-w&amp;__tn__=*NK-R\">#FPHV<\/a><a href=\"https:\/\/l.facebook.com\/l.php?u=https%3A%2F%2Fwww.instagram.com%2F_u%2Fnatalia_raciti_%3Ffbclid%3DIwZXh0bgNhZW0CMTAAAR1Fd2G9lfFTwZgwN1aLA_TCn-WphK7528MFJzXHi4WrM4_CG90H_3Z9-TI_aem_73vS3DqwlAbKHqol99LKLA&amp;h=AT2kfJ5LKQrSqbA53ZBAPvV-2itk6TkFlFp8Aq3177Yw3-Sw2CDqLAGDFmhZ6gpeO4hoXKgc4npSISK2SXIjkTJDIdpjCunn6d3nefO8mIPleqbp-kRifond2AQAYUt7p7dx&amp;__tn__=-UK-R&amp;c[0]=AT2UZyfIt88BPFmw3jkf25cf0L-AG85JzZbRtrDMNKM1d4bSlR-WN8tLR4PzrooGblTU23PES3gvk6VTfZKYQMB3baYQGgjFZVKl01TrGFbt5eS4TxQ4euRawoi0zShngYQe85zIAffBfg4uIID0BuJQZI-kj6DM8k_NVys4jn2_GQPzRy7CK9WhGzY9YORPfdHrJdZW26snhPgj9ne3aYzJtQ\" rel=\"noreferrer noopener\" target=\"_blank\">@natalia_raciti_<\/a><a href=\"https:\/\/www.instagram.com\/_u\/erica.perez2019?fbclid=IwZXh0bgNhZW0CMTAAAR0iFkHbyuZT75xDQjHzTzlU5donAt1-tvpxooReppE4ZVoINMBaYk89Oxo_aem_Cr91aH63rSOU9w7xVri_aQ\" rel=\"noreferrer noopener\" target=\"_blank\">@erica.perez2019<\/a><a href=\"https:\/\/l.facebook.com\/l.php?u=https%3A%2F%2Fwww.instagram.com%2F_u%2Fmarubreard_%3Ffbclid%3DIwZXh0bgNhZW0CMTAAAR1gZPKI6qmhuiaqfYF2LejtHHUYfrEpx2D9wrrhJL4eMRDb4q5w6mIpaPs_aem_Dw9TEveRjwKiPeVYMQF2wQ&amp;h=AT3ryp9r_JZkws2RubFrpWH0osB0tlcuTB2SPzaAOfI_H3E8NC7tV_0W_Ti3jhoxplT4IhMJ29QH0KGQcCim1pfvzjIVTwmZUrg5UsszCswpEYpts8p14_Qr0CteylO4K8bh&amp;__tn__=-UK-R&amp;c[0]=AT2UZyfIt88BPFmw3jkf25cf0L-AG85JzZbRtrDMNKM1d4bSlR-WN8tLR4PzrooGblTU23PES3gvk6VTfZKYQMB3baYQGgjFZVKl01TrGFbt5eS4TxQ4euRawoi0zShngYQe85zIAffBfg4uIID0BuJQZI-kj6DM8k_NVys4jn2_GQPzRy7CK9WhGzY9YORPfdHrJdZW26snhPgj9ne3aYzJtQ\" rel=\"noreferrer noopener\" target=\"_blank\">@marubreard_<\/a><a href=\"https:\/\/l.facebook.com\/l.php?u=https%3A%2F%2Fwww.instagram.com%2F_u%2Fgracielafloasanchez%3Ffbclid%3DIwZXh0bgNhZW0CMTAAAR0iFkHbyuZT75xDQjHzTzlU5donAt1-tvpxooReppE4ZVoINMBaYk89Oxo_aem_Cr91aH63rSOU9w7xVri_aQ&amp;h=AT03w9RYHXfoyJ1r3JSgTrL4DM_57Ym3C8ORV1ajWhddS--Z9FgW47rOZAxaNq3rjbTkY9s4Ct1j18a_i7pKf0VBQR97ZguSmMFgMEMHkxMW_zAsw1WeHFf4Wo1Cj6JS61tw2ve1YNovnlI8Z_j9&amp;__tn__=-UK-R&amp;c[0]=AT2UZyfIt88BPFmw3jkf25cf0L-AG85JzZbRtrDMNKM1d4bSlR-WN8tLR4PzrooGblTU23PES3gvk6VTfZKYQMB3baYQGgjFZVKl01TrGFbt5eS4TxQ4euRawoi0zShngYQe85zIAffBfg4uIID0BuJQZI-kj6DM8k_NVys4jn2_GQPzRy7CK9WhGzY9YORPfdHrJdZW26snhPgj9ne3aYzJtQ\" rel=\"noreferrer noopener\" target=\"_blank\">@gracielafloasanchez<\/a><a href=\"https:\/\/l.facebook.com\/l.php?u=https%3A%2F%2Fwww.instagram.com%2F_u%2Fgabi.paredes%3Ffbclid%3DIwZXh0bgNhZW0CMTAAAR0iFkHbyuZT75xDQjHzTzlU5donAt1-tvpxooReppE4ZVoINMBaYk89Oxo_aem_Cr91aH63rSOU9w7xVri_aQ&amp;h=AT3yvmwNKlu6MjLyu110mucevY0jujOhzZVHjI4h25S96ReaE1m_-tywayN9_zPqI_G4qvajsh-NshhJd9Fde0Zi5vJiQCmvrZOA1EOnKi4e9AD90aEnEMIf7Bm2pLSPgA4V&amp;__tn__=-UK-R&amp;c[0]=AT2UZyfIt88BPFmw3jkf25cf0L-AG85JzZbRtrDMNKM1d4bSlR-WN8tLR4PzrooGblTU23PES3gvk6VTfZKYQMB3baYQGgjFZVKl01TrGFbt5eS4TxQ4euRawoi0zShngYQe85zIAffBfg4uIID0BuJQZI-kj6DM8k_NVys4jn2_GQPzRy7CK9WhGzY9YORPfdHrJdZW26snhPgj9ne3aYzJtQ\" rel=\"noreferrer noopener\" target=\"_blank\">@gabi.paredes<\/a><\/p>\n","protected":false},"excerpt":{"rendered":"<p>Este viernes 2 de agosto, el Instituto de la Mujer de la FPHV estuvo presente en la presentaci\u00f3n de dos materiales sobre cuota alimentaria en la Honorable C\u00e1mara de Diputados de la provincia de Buenos Aires. Los mismos fueron elaborados por el equipo de la Direcci\u00f3n de Equidad de G\u00e9nero y Diversidad Sexual, a cargo [&hellip;]<\/p>\n","protected":false},"author":5,"featured_media":1154,"comment_status":"closed","ping_status":"closed","sticky":false,"template":"","format":"standard","meta":{"footnotes":""},"categories":[2],"tags":[],"class_list":["post-1153","post","type-post","status-publish","format-standard","has-post-thumbnail","hentry","category-prensa"],"_links":{"self":[{"href":"https:\/\/fphv.org\/index.php?rest_route=\/wp\/v2\/posts\/1153","targetHints":{"allow":["GET"]}}],"collection":[{"href":"https:\/\/fphv.org\/index.php?rest_route=\/wp\/v2\/posts"}],"about":[{"href":"https:\/\/fphv.org\/index.php?rest_route=\/wp\/v2\/types\/post"}],"author":[{"embeddable":true,"href":"https:\/\/fphv.org\/index.php?rest_route=\/wp\/v2\/users\/5"}],"replies":[{"embeddable":true,"href":"https:\/\/fphv.org\/index.php?rest_route=%2Fwp%2Fv2%2Fcomments&post=1153"}],"version-history":[{"count":1,"href":"https:\/\/fphv.org\/index.php?rest_route=\/wp\/v2\/posts\/1153\/revisions"}],"predecessor-version":[{"id":1155,"href":"https:\/\/fphv.org\/index.php?rest_route=\/wp\/v2\/posts\/1153\/revisions\/1155"}],"wp:featuredmedia":[{"embeddable":true,"href":"https:\/\/fphv.org\/index.php?rest_route=\/wp\/v2\/media\/1154"}],"wp:attachment":[{"href":"https:\/\/fphv.org\/index.php?rest_route=%2Fwp%2Fv2%2Fmedia&parent=1153"}],"wp:term":[{"taxonomy":"category","embeddable":true,"href":"https:\/\/fphv.org\/index.php?rest_route=%2Fwp%2Fv2%2Fcategories&post=1153"},{"taxonomy":"post_tag","embeddable":true,"href":"https:\/\/fphv.org\/index.php?rest_route=%2Fwp%2Fv2%2Ftags&post=1153"}],"curies":[{"name":"wp","href":"https:\/\/api.w.org\/{rel}","templated":true}]}}