{"id":1150,"date":"2024-08-04T21:21:00","date_gmt":"2024-08-05T00:21:00","guid":{"rendered":"https:\/\/fphv.org\/?p=1150"},"modified":"2024-12-16T21:23:55","modified_gmt":"2024-12-17T00:23:55","slug":"presentacion-del-consejo-consultivo-de-genero-en-la-delegacion-san-carlos","status":"publish","type":"post","link":"https:\/\/fphv.org\/?p=1150","title":{"rendered":"PRESENTACI\u00d3N DEL CONSEJO CONSULTIVO DE G\u00c9NERO EN LA DELEGACI\u00d3N SAN CARLOS"},"content":{"rendered":"\n<p>El jueves 1\u00b0 de agosto, se present\u00f3 en el centro comunal de San Carlos, el Consejo Consultivo de Pol\u00edticas P\u00fablicas para Mujeres y Diversidad en las delegaciones platenses para comenzar a trabajar en la articulaci\u00f3n territorial.<\/p>\n\n\n\n<p>La funci\u00f3n del Consejo es fortalecer los mecanismos de articulaci\u00f3n entre el Estado municipal y la comunidad para diagramar e instrumentar herramientas de diagn\u00f3stico en <a><\/a>relaci\u00f3n a las pol\u00edticas de g\u00e9nero con el objetivo de promover una ciudad con mayor igualdad y sin violencias por razones de g\u00e9nero.<\/p>\n\n\n\n<p>Participamos del encuentro concientizando con la muestra de arte fotogr\u00e1fica \u201cSentires\u201d. La misma fue creada en octubre de 2022 por el instituto de la mujer de la Fundaci\u00f3n Pro Humanae Vitae en conjunto con CALPO y la fot\u00f3grafa Luciana Lozano, que tiene por objetivo poner en im\u00e1genes y sentimientos sensaciones de mujeres que fueron v\u00edctimas de violencia de g\u00e9nero y desde su inicio viene recorriendo la provincia de Bs As present\u00e1ndose en distintas instituciones.<\/p>\n\n\n\n<p>Participaron del evento, Natalia Raciti, directora del Instituto de la Mujer; Erica Perez, miembro del Instituto de la Mujer; Cecilia Abalos delegada comunal, Marina Mongiardino presidenta del colegio de la abogac\u00eda, Ana Laura Ramos, Subsecretaria de Transparencia Institucional en Ministerio de Justicia y Derechos Humanos de la Provincia de Bs. As., mujeres pertenecientes a instituciones barriales, Silvina Perugino secretar\u00eda de Mujeres y Diversidad de la Municipalidad de la Plata, quienes explicaron las l\u00edneas de trabajo y talleres que se realizar\u00e1n en una agenda territorial.<\/p>\n\n\n\n<p><a href=\"https:\/\/www.facebook.com\/hashtag\/fphv?__eep__=6&amp;__cft__[0]=AZVwQQNvY6WkEdhuANbKWWvvkmsKK3FGUdL6mvLVigUUyZOap2GOulHNpW2n6j1avN9EVlT3wRa22JiiqUcTeRVUIvulZlE42XwKuOkWcOFVFehnupAyDQmrmwqgopkcLyZDQNQZ1NcBLCDHeW7zKUvx6RiNO2QCP_9E598cFT7rIrBkR-PdKd9v35Jr2Ht3e-c&amp;__tn__=*NK-R\">#FPHV<\/a><a href=\"https:\/\/l.facebook.com\/l.php?u=https%3A%2F%2Fwww.instagram.com%2F_u%2Fnatalia_raciti_%3Ffbclid%3DIwZXh0bgNhZW0CMTAAAR140FZ0tvPoKNtc63mTS6nNSJ0AZJVsr4F6Z51QO4mNdtpXXuHedTKK-QE_aem_WKgxFA6VHjJLYwTU0Dyr4A&amp;h=AT2kfJ5LKQrSqbA53ZBAPvV-2itk6TkFlFp8Aq3177Yw3-Sw2CDqLAGDFmhZ6gpeO4hoXKgc4npSISK2SXIjkTJDIdpjCunn6d3nefO8mIPleqbp-kRifond2AQAYUt7p7dx&amp;__tn__=-UK-R&amp;c[0]=AT0DSk9e9Hm_WiwaJBKs3raxjWfcv0PRlIZDQxT04moH9ByKH-OOzo3VPwYeyVRtX3M8HvjzSw4-0sDfHNVgqKE-E3sVWc6qFl5q2l-yNopG0ylEITFQDg0SeKmPTkZlWBAAelGPWFZ_M0TzUZZM5O42tQKTCSJqDzVjYNc3C0G4_UMlGnLnFa59_AM79wh4kmvpSBHEO9sEe8T4_WFj8an0tw\" rel=\"noreferrer noopener\" target=\"_blank\">@natalia_raciti_<\/a><a href=\"https:\/\/l.facebook.com\/l.php?u=https%3A%2F%2Fwww.instagram.com%2F_u%2Ferica.perez2019%3Ffbclid%3DIwZXh0bgNhZW0CMTAAAR140FZ0tvPoKNtc63mTS6nNSJ0AZJVsr4F6Z51QO4mNdtpXXuHedTKK-QE_aem_WKgxFA6VHjJLYwTU0Dyr4A&amp;h=AT3p8bPgpIIHVQ0h0swuKUUiFXIfq_-WRKUBDD2kSCvk_Jn8GUpEUfXdQEdPtQ41H1rucgcL7mVtQtkskRynJTj887hbWTW7lE1t5YE_Sa2pFCmHr3jcl2M4QVuzGJGu5PO1&amp;__tn__=-UK-R&amp;c[0]=AT0DSk9e9Hm_WiwaJBKs3raxjWfcv0PRlIZDQxT04moH9ByKH-OOzo3VPwYeyVRtX3M8HvjzSw4-0sDfHNVgqKE-E3sVWc6qFl5q2l-yNopG0ylEITFQDg0SeKmPTkZlWBAAelGPWFZ_M0TzUZZM5O42tQKTCSJqDzVjYNc3C0G4_UMlGnLnFa59_AM79wh4kmvpSBHEO9sEe8T4_WFj8an0tw\" rel=\"noreferrer noopener\" target=\"_blank\">@erica.perez2019<\/a><a href=\"https:\/\/l.facebook.com\/l.php?u=https%3A%2F%2Fwww.instagram.com%2F_u%2Fmarumongiardino%3Ffbclid%3DIwZXh0bgNhZW0CMTAAAR0iFkHbyuZT75xDQjHzTzlU5donAt1-tvpxooReppE4ZVoINMBaYk89Oxo_aem_Cr91aH63rSOU9w7xVri_aQ&amp;h=AT2A0pioRfT-83b_74tJiNPdywIEPT1qBqOQhommwpJJBWxlMeyKc7e-k8mN4tp56MMRPaip04M2KaAK6z3HErVa5wfbDwL7kGZjc14iXHL6DssbLjQ5lahnIjfLeVhQQ8hK&amp;__tn__=-UK-R&amp;c[0]=AT0DSk9e9Hm_WiwaJBKs3raxjWfcv0PRlIZDQxT04moH9ByKH-OOzo3VPwYeyVRtX3M8HvjzSw4-0sDfHNVgqKE-E3sVWc6qFl5q2l-yNopG0ylEITFQDg0SeKmPTkZlWBAAelGPWFZ_M0TzUZZM5O42tQKTCSJqDzVjYNc3C0G4_UMlGnLnFa59_AM79wh4kmvpSBHEO9sEe8T4_WFj8an0tw\" rel=\"noreferrer noopener\" target=\"_blank\">@marumongiardino<\/a><a href=\"https:\/\/l.facebook.com\/l.php?u=https%3A%2F%2Fwww.instagram.com%2F_u%2Fsilvinaperugino%3Ffbclid%3DIwZXh0bgNhZW0CMTAAAR3So1NYV8FdB37xT8wWgG8Xd-nugdZqDjwG_M5eQAA0zb4hdQyOo0md5HI_aem_Q7M5qpNZ_5ZYQpecQ3vo3g&amp;h=AT3oDlcLQgw0s8KisvEn2Om3l3QGSgIteSRPR9DLfZA2gEuAuvNWfWuUZqdawr-QtuH_dd6I8CqKPok7pw3fWRVhtYNKwjDkpDe5UTcEkjgSmw0AEdgDsqSbzWGS40QM6XcM&amp;__tn__=-UK-R&amp;c[0]=AT0DSk9e9Hm_WiwaJBKs3raxjWfcv0PRlIZDQxT04moH9ByKH-OOzo3VPwYeyVRtX3M8HvjzSw4-0sDfHNVgqKE-E3sVWc6qFl5q2l-yNopG0ylEITFQDg0SeKmPTkZlWBAAelGPWFZ_M0TzUZZM5O42tQKTCSJqDzVjYNc3C0G4_UMlGnLnFa59_AM79wh4kmvpSBHEO9sEe8T4_WFj8an0tw\" rel=\"noreferrer noopener\" target=\"_blank\">@silvinaperugino<\/a><a href=\"https:\/\/l.facebook.com\/l.php?u=https%3A%2F%2Fwww.instagram.com%2F_u%2Framos.ana.laura%3Ffbclid%3DIwZXh0bgNhZW0CMTAAAR3-ag4EHtf9HZVt0Ik_3tNxOhqnUuj9TeTTv80GAzSI0V7YboLurnUkX0E_aem_-GQLe2jZ2hJQ1gdocrzimQ&amp;h=AT0N2KqodCEp97045ewJd8mq3DU33lhlMO1IwFnLykDB9-fw8SPRd0aygI-I6T4tDRZjiBsx-VqeE7ng6DD0R77XpidI0e9PCGk9vhqwGqp7bueLkYCuR1jT8x1K8mZrbiV1&amp;__tn__=-UK-R&amp;c[0]=AT0DSk9e9Hm_WiwaJBKs3raxjWfcv0PRlIZDQxT04moH9ByKH-OOzo3VPwYeyVRtX3M8HvjzSw4-0sDfHNVgqKE-E3sVWc6qFl5q2l-yNopG0ylEITFQDg0SeKmPTkZlWBAAelGPWFZ_M0TzUZZM5O42tQKTCSJqDzVjYNc3C0G4_UMlGnLnFa59_AM79wh4kmvpSBHEO9sEe8T4_WFj8an0tw\" rel=\"noreferrer noopener\" target=\"_blank\">@ramos.ana.laura<\/a><a href=\"https:\/\/www.instagram.com\/_u\/ceciliaabalos?fbclid=IwZXh0bgNhZW0CMTAAAR1Fd2G9lfFTwZgwN1aLA_TCn-WphK7528MFJzXHi4WrM4_CG90H_3Z9-TI_aem_73vS3DqwlAbKHqol99LKLA\" rel=\"noreferrer noopener\" target=\"_blank\">@ceciliaabalos<\/a><\/p>\n\n\n\n<p><\/p>\n","protected":false},"excerpt":{"rendered":"<p>El jueves 1\u00b0 de agosto, se present\u00f3 en el centro comunal de San Carlos, el Consejo Consultivo de Pol\u00edticas P\u00fablicas para Mujeres y Diversidad en las delegaciones platenses para comenzar a trabajar en la articulaci\u00f3n territorial. La funci\u00f3n del Consejo es fortalecer los mecanismos de articulaci\u00f3n entre el Estado municipal y la comunidad para diagramar [&hellip;]<\/p>\n","protected":false},"author":5,"featured_media":1151,"comment_status":"closed","ping_status":"closed","sticky":false,"template":"","format":"standard","meta":{"footnotes":""},"categories":[2],"tags":[],"class_list":["post-1150","post","type-post","status-publish","format-standard","has-post-thumbnail","hentry","category-prensa"],"_links":{"self":[{"href":"https:\/\/fphv.org\/index.php?rest_route=\/wp\/v2\/posts\/1150","targetHints":{"allow":["GET"]}}],"collection":[{"href":"https:\/\/fphv.org\/index.php?rest_route=\/wp\/v2\/posts"}],"about":[{"href":"https:\/\/fphv.org\/index.php?rest_route=\/wp\/v2\/types\/post"}],"author":[{"embeddable":true,"href":"https:\/\/fphv.org\/index.php?rest_route=\/wp\/v2\/users\/5"}],"replies":[{"embeddable":true,"href":"https:\/\/fphv.org\/index.php?rest_route=%2Fwp%2Fv2%2Fcomments&post=1150"}],"version-history":[{"count":1,"href":"https:\/\/fphv.org\/index.php?rest_route=\/wp\/v2\/posts\/1150\/revisions"}],"predecessor-version":[{"id":1152,"href":"https:\/\/fphv.org\/index.php?rest_route=\/wp\/v2\/posts\/1150\/revisions\/1152"}],"wp:featuredmedia":[{"embeddable":true,"href":"https:\/\/fphv.org\/index.php?rest_route=\/wp\/v2\/media\/1151"}],"wp:attachment":[{"href":"https:\/\/fphv.org\/index.php?rest_route=%2Fwp%2Fv2%2Fmedia&parent=1150"}],"wp:term":[{"taxonomy":"category","embeddable":true,"href":"https:\/\/fphv.org\/index.php?rest_route=%2Fwp%2Fv2%2Fcategories&post=1150"},{"taxonomy":"post_tag","embeddable":true,"href":"https:\/\/fphv.org\/index.php?rest_route=%2Fwp%2Fv2%2Ftags&post=1150"}],"curies":[{"name":"wp","href":"https:\/\/api.w.org\/{rel}","templated":true}]}}