{"id":1147,"date":"2024-06-22T21:06:00","date_gmt":"2024-06-23T00:06:00","guid":{"rendered":"https:\/\/fphv.org\/?p=1147"},"modified":"2024-12-16T21:21:12","modified_gmt":"2024-12-17T00:21:12","slug":"continua-el-ciclo-de-charlas-sobre-la-defensa-de-los-derechos-humanos-de-las-personas-mayores","status":"publish","type":"post","link":"https:\/\/fphv.org\/?p=1147","title":{"rendered":"CONTIN\u00daA EL CICLO DE CHARLAS SOBRE LA DEFENSA DE LOS DERECHOS HUMANOS DE LAS PERSONAS MAYORES"},"content":{"rendered":"\n<p>El Instituto de la Nueva Edad de la FPHV contin\u00faa con el ciclo de reuniones que viene desarrollando en instituciones de la ciudad con el fin de difundir los derechos que tienen los adultos mayores de ser tratados con respeto y dignidad y sin discriminaci\u00f3n alguna en raz\u00f3n solamente de su edad.<\/p>\n\n\n\n<p>Con la participaci\u00f3n de un importante n\u00famero de vecinos,&nbsp;el encuentro se desarroll\u00f3 en el <a><\/a>barrio de Los Hornos, en el amplio sal\u00f3n ubicado en la Av. 66 e\/ 141 y 142, oportunidad en la que los representantes del INE pusieron de relieve que dichos derechos est\u00e1n consagrados en la legislaci\u00f3n vigente, ya que surgen tanto del C\u00f3digo Civil como de la Convenci\u00f3n&nbsp;&nbsp;Interamericana sobre la Protecci\u00f3n de los Derechos Humanos&nbsp;&nbsp;de las Personas Mayores, de la que nuestro pa\u00eds es parte.<\/p>\n\n\n\n<p>En ese marco, disert\u00f3 el Prosecretario de Relaciones Institucionales de la Universidad Nacional de La Plata y Secretario de la Federaci\u00f3n de Instituciones Culturales y Deportivas de La Plata, Prof. Alfredo Brunetti, quien destac\u00f3 la necesidad de que la Rep\u00fablica Argentina garantice el cumplimiento de los derechos amparados por la Convenci\u00f3n.<\/p>\n\n\n\n<p>La reuni\u00f3n fue abierta por la directora del Instituto de la Nueva Edad, Lic. Sandra Campos, quien destac\u00f3 que la persona mayor tiene los mismos derechos humanos y libertades fundamentales que el resto de los individuos;&nbsp;estos derechos, incluido el de NO verse sometido a discriminaci\u00f3n alguna fundada&nbsp;en la edad,&nbsp;como as\u00ed tampoco a verse afectado por alg\u00fan tipo de violencia, dimanan de la dignidad y la igualdad que son inherentes a todo ser humano.<\/p>\n\n\n\n<p>Cabe se\u00f1alar que los representantes del INE&nbsp;estuvieron acompa\u00f1ados por la Madrina del Instituto, Graciela S\u00e1nchez y el presidente de la FPHV, Rafael Vel\u00e1zquez, quien hizo referencia a los or\u00edgenes y la trayectoria del INE.<\/p>\n\n\n\n<p>La reuni\u00f3n gener\u00f3 un animado y fruct\u00edfero intercambio de experiencias, a trav\u00e9s del que los numerosos asistentes pudieron exponer sus respectivas inquietudes.<\/p>\n\n\n\n<p><a href=\"https:\/\/www.facebook.com\/hashtag\/fphv?__eep__=6&amp;__cft__[0]=AZXtlhY2vgawre2WLrQOEd27xSuH0tdsbayPkSIVn1ahF43Fv5ztADhOcvJ4BoJgNZGpkBZ7AYlr1X5AajQ7ouBLRmuJuOHi6I2cI_COKeandihFuRmjSzBmnyUb2twSIFHgXzYLm-e17lnxxAjYeMBBDMeIhwGbJErf_lRR1rpZmmTkXqgN5ViUldbX7JVyW-k&amp;__tn__=*NK-R\">#FPHV<\/a><a href=\"https:\/\/l.facebook.com\/l.php?u=https%3A%2F%2Fwww.instagram.com%2F_u%2Fnueva_edad%3Ffbclid%3DIwZXh0bgNhZW0CMTAAAR1EQ2Eu5_1EDtDyHWPBDLc6bUrg28lDelEBilkWQekPsCZoquQ7O8gzPps_aem_7kJkfPQ-4eo_MSDpt75GTQ&amp;h=AT3I0-kQwm6hLte3ZrpfAztGTCQkuT4JVsHkvCwR0AY-26tyf69wamEF9haRCK1-ktUL5OFpsy5w6crY2H4h4hK5WKO0ugHqWQODp3Dd719a6dxRaeENZ_BsjzwfnZEXyG4GGWV3WXB_4vBDPfjX&amp;__tn__=-UK-R&amp;c[0]=AT0svyhVQ5rQr0c_QaV1lzwjq_DGyJI0Drz9KxAy9ghcM80ATYdsMGAKawKDjAj1KSekc1wV8Wt_pYZFsBmfR2US9oWHfXlnNTa4IlEJOeAosNRNOaRr9HV1BuYVzFjvFpmV1FWdoUIjcsR1UDDuoWgWqPJUEmijosTW52zxOJpleQtaoXA-2-72VoBF5qhOWEFvLpckCY6R7ZYOfzpsuy2N_w\" rel=\"noreferrer noopener\" target=\"_blank\">@nueva_edad<\/a><a href=\"https:\/\/www.instagram.com\/_u\/gracielafloasanchez?fbclid=IwZXh0bgNhZW0CMTAAAR3t0Ci580aeej2VxSF_v6fSKxXKoRmN50AAgUOuLHiuaM-oJQ-c2es91qw_aem_6gTWaKDBikROT4nyJmQ7GA\" rel=\"noreferrer noopener\" target=\"_blank\">@gracielafloasanchez<\/a><a href=\"https:\/\/www.instagram.com\/_u\/relacionesinstitucionalesunlp?fbclid=IwZXh0bgNhZW0CMTAAAR3-ag4EHtf9HZVt0Ik_3tNxOhqnUuj9TeTTv80GAzSI0V7YboLurnUkX0E_aem_-GQLe2jZ2hJQ1gdocrzimQ\" rel=\"noreferrer noopener\" target=\"_blank\">@relacionesinstitucionalesunlp<\/a> @alfredo.brunetti<\/p>\n","protected":false},"excerpt":{"rendered":"<p>El Instituto de la Nueva Edad de la FPHV contin\u00faa con el ciclo de reuniones que viene desarrollando en instituciones de la ciudad con el fin de difundir los derechos que tienen los adultos mayores de ser tratados con respeto y dignidad y sin discriminaci\u00f3n alguna en raz\u00f3n solamente de su edad. Con la participaci\u00f3n [&hellip;]<\/p>\n","protected":false},"author":5,"featured_media":1148,"comment_status":"closed","ping_status":"closed","sticky":false,"template":"","format":"standard","meta":{"footnotes":""},"categories":[2],"tags":[],"class_list":["post-1147","post","type-post","status-publish","format-standard","has-post-thumbnail","hentry","category-prensa"],"_links":{"self":[{"href":"https:\/\/fphv.org\/index.php?rest_route=\/wp\/v2\/posts\/1147","targetHints":{"allow":["GET"]}}],"collection":[{"href":"https:\/\/fphv.org\/index.php?rest_route=\/wp\/v2\/posts"}],"about":[{"href":"https:\/\/fphv.org\/index.php?rest_route=\/wp\/v2\/types\/post"}],"author":[{"embeddable":true,"href":"https:\/\/fphv.org\/index.php?rest_route=\/wp\/v2\/users\/5"}],"replies":[{"embeddable":true,"href":"https:\/\/fphv.org\/index.php?rest_route=%2Fwp%2Fv2%2Fcomments&post=1147"}],"version-history":[{"count":1,"href":"https:\/\/fphv.org\/index.php?rest_route=\/wp\/v2\/posts\/1147\/revisions"}],"predecessor-version":[{"id":1149,"href":"https:\/\/fphv.org\/index.php?rest_route=\/wp\/v2\/posts\/1147\/revisions\/1149"}],"wp:featuredmedia":[{"embeddable":true,"href":"https:\/\/fphv.org\/index.php?rest_route=\/wp\/v2\/media\/1148"}],"wp:attachment":[{"href":"https:\/\/fphv.org\/index.php?rest_route=%2Fwp%2Fv2%2Fmedia&parent=1147"}],"wp:term":[{"taxonomy":"category","embeddable":true,"href":"https:\/\/fphv.org\/index.php?rest_route=%2Fwp%2Fv2%2Fcategories&post=1147"},{"taxonomy":"post_tag","embeddable":true,"href":"https:\/\/fphv.org\/index.php?rest_route=%2Fwp%2Fv2%2Ftags&post=1147"}],"curies":[{"name":"wp","href":"https:\/\/api.w.org\/{rel}","templated":true}]}}