{"id":1144,"date":"2024-06-21T21:04:00","date_gmt":"2024-06-22T00:04:00","guid":{"rendered":"https:\/\/fphv.org\/?p=1144"},"modified":"2024-12-16T21:06:07","modified_gmt":"2024-12-17T00:06:07","slug":"continua-el-ciclo-de-reuniones-informativas-sobre-los-derechos-de-los-adultos-mayores","status":"publish","type":"post","link":"https:\/\/fphv.org\/?p=1144","title":{"rendered":"CONTIN\u00daA EL CICLO DE REUNIONES INFORMATIVAS SOBRE LOS DERECHOS DE LOS ADULTOS MAYORES"},"content":{"rendered":"\n<p>En la sede de la Asociaci\u00f3n Romerense de la Tercera Edad (ARTE) tuvo lugar una reuni\u00f3n organizada por el Instituto de la Nueva Edad de la Fundaci\u00f3n Pro Humanae Vitae en la que los miembros del INE brindaron a integrantes de la entidad y vecinos de esa localidad, amplia informaci\u00f3n sobre los derechos que asisten a las personas mayores de ser tratados con respeto y dignidad en empresas <a><\/a>comerciales, bancos, oficinas p\u00fablicas, etc., donde muchas veces son sometidas a un trato desconsiderado.&nbsp;&nbsp;<\/p>\n\n\n\n<p>Participaron de la reuni\u00f3n la Directora del Instituto de la Nueva Edad, Sandra Campos, acompa\u00f1ada por Graciela Sanchez, madrina del INE e integrantes del Instituto.<\/p>\n\n\n\n<p>En ese marco se destac\u00f3 que este ciclo de charlas est\u00e1 destinado a considerar la problem\u00e1tica del maltrato a los mayores en clubes, bibliotecas, centros recreativos y otros establecimientos de bien p\u00fablico de los&nbsp;distintos barrios de la ciudad de La Plata.<\/p>\n\n\n\n<p>En un amplio intercambio de opiniones sobre los casos m\u00e1s frecuentes de maltrato a partir de las experiencias vividas&nbsp;&nbsp;por los participantes, tambi\u00e9n se destac\u00f3 la importancia de conocer acerca de los derechos que deben ser respetados y son amparados por el C\u00f3digo Civil y la Convenci\u00f3n Interamericana de los Derechos Humanos sobre las Personas Mayores. Asimismo, se destac\u00f3 que los afectados pueden canalizar los reclamos a trav\u00e9s de la Defensor\u00eda Ciudadana de La Plata, con la que el INE tiene un acuerdo para que se brinde especial atenci\u00f3n a los adultos mayores que realicen reclamos.<\/p>\n\n\n\n<p><a href=\"https:\/\/www.facebook.com\/hashtag\/fphv?__eep__=6&amp;__cft__[0]=AZXYDlIpmVz5642vyNixA9SlfwjsmzKt5yIr6rZjJ7YQwmQSizZ47GwTCpLWjQR6_qb4YxqOZbBYICQc411_F-SjtIRLZmtQs8keL3FTDrRkkoTKX6ZQHf8UBomv_Ykws0SxewfdTXRcP6n9e1N73KI5s2qviZnrk69-5GyhUWDQBq44-bFymE4Qt4AW10I8SmQ&amp;__tn__=*NK-R\">#FPHV<\/a><a href=\"https:\/\/l.facebook.com\/l.php?u=https%3A%2F%2Fwww.instagram.com%2F_u%2Fnueva_edad%3Ffbclid%3DIwZXh0bgNhZW0CMTAAAR262W4MOML21TyfnwFYR_iosiVVFk-JhgkYhk8uJMlOsW_cflVD23_wY5Q_aem_haE4MIjPj0_7KoLTcsmp3A&amp;h=AT3I0-kQwm6hLte3ZrpfAztGTCQkuT4JVsHkvCwR0AY-26tyf69wamEF9haRCK1-ktUL5OFpsy5w6crY2H4h4hK5WKO0ugHqWQODp3Dd719a6dxRaeENZ_BsjzwfnZEXyG4GGWV3WXB_4vBDPfjX&amp;__tn__=-UK-R&amp;c[0]=AT1-1d_VyaVknO75jew0h8kEdsDCssJbxwJHkzVlUcgr59cjof3MFaQsx_j1FYKwkIbl3Gs1-bFo4UjY15SC2jLqkJaAYgkKpA-Qpd_lyknL6rsN3NWc2v15X8hD2hOOihCbqh-EcGTbSKUqrO3iSVJIZ_4_q-p1A0M3nD8rW515eInH1IBKdDCP5VIov3Lf4tdGOgE3d45uokZHUopsL_LFFQ\" rel=\"noreferrer noopener\" target=\"_blank\">@nueva_edad<\/a><a href=\"https:\/\/l.facebook.com\/l.php?u=https%3A%2F%2Fwww.instagram.com%2F_u%2Fgracielafloasanchez%3Ffbclid%3DIwZXh0bgNhZW0CMTAAAR3t0Ci580aeej2VxSF_v6fSKxXKoRmN50AAgUOuLHiuaM-oJQ-c2es91qw_aem_6gTWaKDBikROT4nyJmQ7GA&amp;h=AT03w9RYHXfoyJ1r3JSgTrL4DM_57Ym3C8ORV1ajWhddS--Z9FgW47rOZAxaNq3rjbTkY9s4Ct1j18a_i7pKf0VBQR97ZguSmMFgMEMHkxMW_zAsw1WeHFf4Wo1Cj6JS61tw2ve1YNovnlI8Z_j9&amp;__tn__=-UK-R&amp;c[0]=AT1-1d_VyaVknO75jew0h8kEdsDCssJbxwJHkzVlUcgr59cjof3MFaQsx_j1FYKwkIbl3Gs1-bFo4UjY15SC2jLqkJaAYgkKpA-Qpd_lyknL6rsN3NWc2v15X8hD2hOOihCbqh-EcGTbSKUqrO3iSVJIZ_4_q-p1A0M3nD8rW515eInH1IBKdDCP5VIov3Lf4tdGOgE3d45uokZHUopsL_LFFQ\" rel=\"noreferrer noopener\" target=\"_blank\">@gracielafloasanchez<\/a><\/p>\n","protected":false},"excerpt":{"rendered":"<p>En la sede de la Asociaci\u00f3n Romerense de la Tercera Edad (ARTE) tuvo lugar una reuni\u00f3n organizada por el Instituto de la Nueva Edad de la Fundaci\u00f3n Pro Humanae Vitae en la que los miembros del INE brindaron a integrantes de la entidad y vecinos de esa localidad, amplia informaci\u00f3n sobre los derechos que asisten [&hellip;]<\/p>\n","protected":false},"author":5,"featured_media":1145,"comment_status":"closed","ping_status":"closed","sticky":false,"template":"","format":"standard","meta":{"footnotes":""},"categories":[1,2],"tags":[],"class_list":["post-1144","post","type-post","status-publish","format-standard","has-post-thumbnail","hentry","category-eventos","category-prensa"],"_links":{"self":[{"href":"https:\/\/fphv.org\/index.php?rest_route=\/wp\/v2\/posts\/1144","targetHints":{"allow":["GET"]}}],"collection":[{"href":"https:\/\/fphv.org\/index.php?rest_route=\/wp\/v2\/posts"}],"about":[{"href":"https:\/\/fphv.org\/index.php?rest_route=\/wp\/v2\/types\/post"}],"author":[{"embeddable":true,"href":"https:\/\/fphv.org\/index.php?rest_route=\/wp\/v2\/users\/5"}],"replies":[{"embeddable":true,"href":"https:\/\/fphv.org\/index.php?rest_route=%2Fwp%2Fv2%2Fcomments&post=1144"}],"version-history":[{"count":1,"href":"https:\/\/fphv.org\/index.php?rest_route=\/wp\/v2\/posts\/1144\/revisions"}],"predecessor-version":[{"id":1146,"href":"https:\/\/fphv.org\/index.php?rest_route=\/wp\/v2\/posts\/1144\/revisions\/1146"}],"wp:featuredmedia":[{"embeddable":true,"href":"https:\/\/fphv.org\/index.php?rest_route=\/wp\/v2\/media\/1145"}],"wp:attachment":[{"href":"https:\/\/fphv.org\/index.php?rest_route=%2Fwp%2Fv2%2Fmedia&parent=1144"}],"wp:term":[{"taxonomy":"category","embeddable":true,"href":"https:\/\/fphv.org\/index.php?rest_route=%2Fwp%2Fv2%2Fcategories&post=1144"},{"taxonomy":"post_tag","embeddable":true,"href":"https:\/\/fphv.org\/index.php?rest_route=%2Fwp%2Fv2%2Ftags&post=1144"}],"curies":[{"name":"wp","href":"https:\/\/api.w.org\/{rel}","templated":true}]}}