{"id":1138,"date":"2024-06-15T21:02:00","date_gmt":"2024-06-16T00:02:00","guid":{"rendered":"https:\/\/fphv.org\/?p=1138"},"modified":"2024-12-16T21:03:31","modified_gmt":"2024-12-17T00:03:31","slug":"15-de-junio-dia-mundial-de-toma-de-conciencia-del-abuso-y-maltrato-en-la-vejez","status":"publish","type":"post","link":"https:\/\/fphv.org\/?p=1138","title":{"rendered":"15 DE JUNIO | D\u00cdA MUNDIAL DE TOMA DE CONCIENCIA DEL ABUSO Y MALTRATO EN LA VEJEZ"},"content":{"rendered":"\n<p>Desde el Instituto de la Nueva Edad de la FPHV conmemoramos este d\u00eda como uno de reflexi\u00f3n y reconocimiento de la dignidad de los adultos mayores, promoviendo su protecci\u00f3n y respeto, permitiendoles tener una vida m\u00e1s justa y una sociedad m\u00e1s inclusiva.<\/p>\n\n\n\n<p><a href=\"https:\/\/www.facebook.com\/hashtag\/fphv?__eep__=6&amp;__cft__[0]=AZVkvV4w9pLzYfvAFks4GEQC-UwkR1VEZG0bc5csLCPOzdVyOa1jzvGPZKMvGmNKKhsaqx8BdlMco4eUKJqDus0_cPhGJtBrpE4zXDJzXznmqZ1fbw4zKxo9eK3c08lcM8GOKDNkLozZqncvA9EeZLEMojwOdbraDnr94h6l2Mu6Y7yuuU21XTlVsH3_ZAky4nU&amp;__tn__=*NK-R\">#FPHV<\/a><a href=\"https:\/\/l.facebook.com\/l.php?u=https%3A%2F%2Fwww.instagram.com%2F_u%2Fnueva_edad%3Ffbclid%3DIwZXh0bgNhZW0CMTAAAR0iFkHbyuZT75xDQjHzTzlU5donAt1-tvpxooReppE4ZVoINMBaYk89Oxo_aem_Cr91aH63rSOU9w7xVri_aQ&amp;h=AT3I0-kQwm6hLte3ZrpfAztGTCQkuT4JVsHkvCwR0AY-26tyf69wamEF9haRCK1-ktUL5OFpsy5w6crY2H4h4hK5WKO0ugHqWQODp3Dd719a6dxRaeENZ_BsjzwfnZEXyG4GGWV3WXB_4vBDPfjX&amp;__tn__=-UK-R&amp;c[0]=AT2cKQRQIA_A1Z5MKanOtWulB0YVZ6CHVD-B_uh8q6q-IL1CxBcFW5buNB2lNlfPqxpstKuUlnDCZxNCDBbJFR8mxYoZNf9yHPlOV4QGTmLZOXh2TAueKthCiQ78PhdG3aXB0o3MAS3qYGBeoBGQfg9cyhT02yKV0AK4H2sTuVR4bfWZcb7njSkkLdR-6JbyB6enlEacUz4-8mcAZI7821s8bw\" rel=\"noreferrer noopener\" target=\"_blank\">@nueva_edad<\/a><\/p>\n\n\n\n<p><\/p>\n","protected":false},"excerpt":{"rendered":"<p>Desde el Instituto de la Nueva Edad de la FPHV conmemoramos este d\u00eda como uno de reflexi\u00f3n y reconocimiento de la dignidad de los adultos mayores, promoviendo su protecci\u00f3n y respeto, permitiendoles tener una vida m\u00e1s justa y una sociedad m\u00e1s inclusiva. #FPHV@nueva_edad<\/p>\n","protected":false},"author":5,"featured_media":1139,"comment_status":"closed","ping_status":"closed","sticky":false,"template":"","format":"standard","meta":{"footnotes":""},"categories":[2],"tags":[],"class_list":["post-1138","post","type-post","status-publish","format-standard","has-post-thumbnail","hentry","category-prensa"],"_links":{"self":[{"href":"https:\/\/fphv.org\/index.php?rest_route=\/wp\/v2\/posts\/1138","targetHints":{"allow":["GET"]}}],"collection":[{"href":"https:\/\/fphv.org\/index.php?rest_route=\/wp\/v2\/posts"}],"about":[{"href":"https:\/\/fphv.org\/index.php?rest_route=\/wp\/v2\/types\/post"}],"author":[{"embeddable":true,"href":"https:\/\/fphv.org\/index.php?rest_route=\/wp\/v2\/users\/5"}],"replies":[{"embeddable":true,"href":"https:\/\/fphv.org\/index.php?rest_route=%2Fwp%2Fv2%2Fcomments&post=1138"}],"version-history":[{"count":1,"href":"https:\/\/fphv.org\/index.php?rest_route=\/wp\/v2\/posts\/1138\/revisions"}],"predecessor-version":[{"id":1140,"href":"https:\/\/fphv.org\/index.php?rest_route=\/wp\/v2\/posts\/1138\/revisions\/1140"}],"wp:featuredmedia":[{"embeddable":true,"href":"https:\/\/fphv.org\/index.php?rest_route=\/wp\/v2\/media\/1139"}],"wp:attachment":[{"href":"https:\/\/fphv.org\/index.php?rest_route=%2Fwp%2Fv2%2Fmedia&parent=1138"}],"wp:term":[{"taxonomy":"category","embeddable":true,"href":"https:\/\/fphv.org\/index.php?rest_route=%2Fwp%2Fv2%2Fcategories&post=1138"},{"taxonomy":"post_tag","embeddable":true,"href":"https:\/\/fphv.org\/index.php?rest_route=%2Fwp%2Fv2%2Ftags&post=1138"}],"curies":[{"name":"wp","href":"https:\/\/api.w.org\/{rel}","templated":true}]}}