{"id":1135,"date":"2024-06-14T21:01:00","date_gmt":"2024-06-15T00:01:00","guid":{"rendered":"https:\/\/fphv.org\/?p=1135"},"modified":"2024-12-16T21:02:14","modified_gmt":"2024-12-17T00:02:14","slug":"vii-conmemoracion-del-dia-mundial-de-toma-de-conciencia-del-abuso-y-maltrato-en-la-vejez","status":"publish","type":"post","link":"https:\/\/fphv.org\/?p=1135","title":{"rendered":"VII CONMEMORACI\u00d3N DEL D\u00cdA MUNDIAL DE TOMA DE CONCIENCIA DEL ABUSO Y MALTRATO EN LA VEJEZ"},"content":{"rendered":"\n<p>Este jueves 13 de junio, integrantes del Instituto de la Nueva Edad de la Fundaci\u00f3n Pro Humanae Vitae participaron del VII Encuentro en Conmemoraci\u00f3n del D\u00eda Mundial de toma de conciencia del abuso y maltrato en la vejez, organizado por la Mesa de Trabajo de Adultos Mayores de la Universidad Nacional de La Plata. Estuvieron presentes en el encuentro, la directora del INE, Sandra Campos <a><\/a>acompa\u00f1ada por Susana Lassalle, integrante del INE.<\/p>\n\n\n\n<p>Cabe destacar que la poblaci\u00f3n de adultos crece de forma continua en todo el planeta, por ellos es primordial abordar las problem\u00e1ticas de violencia y maltrato a esta franja etaria, por lo cual uno de los objetivos del Instituto es el de concientizar a la poblaci\u00f3n a tener una actitud de respeto y consideraci\u00f3n hacia los mayores, promoviendo una sociedad m\u00e1s inclusiva.<\/p>\n\n\n\n<p><a href=\"https:\/\/www.facebook.com\/hashtag\/fphv?__eep__=6&amp;__cft__[0]=AZV5WdEtc4OQtXk_htyvljyBlz2Ryv2inXi3HHRWwBNOMwU-VWeLKAhWez32fqpA9r1T0FK1yZTRaGPjPJ-ILfrE5emStOTkVg2s8_cBbPPRFPbSKRHO4fuV0BVZsIJF3Q8oOIj1bZ_zE9mMPQcrH_6dGYj8dFtjmC4aFOuAh7kRHmk2Z5cRNTqMzNneJfhW594&amp;__tn__=*NK-R\">#FPHV<\/a><a href=\"https:\/\/l.facebook.com\/l.php?u=https%3A%2F%2Fwww.instagram.com%2F_u%2Fnueva_edad%3Ffbclid%3DIwZXh0bgNhZW0CMTAAAR0iFkHbyuZT75xDQjHzTzlU5donAt1-tvpxooReppE4ZVoINMBaYk89Oxo_aem_Cr91aH63rSOU9w7xVri_aQ&amp;h=AT2ZE4q4fEtp5HDwynjTSy0ySdleJnzh79Y8pG0FoZHlm96LYdcDi7823ZRa_kIWEq9s8rPabEr37brnTTfiO1aVeqUajYRN19Mp5nacHuV36K1af_A8p8uTKzSWJ_7oBnTX&amp;__tn__=-UK-R&amp;c[0]=AT06dAdYBg-BdOm12S7OcIe8mFcVlctyz4ZSQXWgW4zq_INnJD6CHfcK3JKA7Y9MRe40DPFi8Rdpjh6zDkgY9SUkr6km2Fm5-o4P1PSyCOrHAuqZCmpRsgQ70lCBrgjDAk3IDUZGqLhOiqqGqAdOc7447n7y9Q31hW5OyoDpOiS6U1zKP7DBkHKuGVSzAqm4OANVh25ywGSm3KK6wck-kyChpg\" rel=\"noreferrer noopener\" target=\"_blank\">@nueva_edad<\/a><a href=\"https:\/\/l.facebook.com\/l.php?u=https%3A%2F%2Fwww.instagram.com%2F_u%2Funlpoficial%3Ffbclid%3DIwZXh0bgNhZW0CMTAAAR262W4MOML21TyfnwFYR_iosiVVFk-JhgkYhk8uJMlOsW_cflVD23_wY5Q_aem_haE4MIjPj0_7KoLTcsmp3A&amp;h=AT2-0LG4sUUOhjSisaGdEI_J9DSfcsPplGRVhOu7mMc0jU4A3iHIRLzIg-iBu1_X0Rj6xhZzM9ZX5QnO0RFJIBBbjrBnTJuZWG83joP0bMAvgck8JpWckqa-FbzbNEIXLppu&amp;__tn__=-UK-R&amp;c[0]=AT06dAdYBg-BdOm12S7OcIe8mFcVlctyz4ZSQXWgW4zq_INnJD6CHfcK3JKA7Y9MRe40DPFi8Rdpjh6zDkgY9SUkr6km2Fm5-o4P1PSyCOrHAuqZCmpRsgQ70lCBrgjDAk3IDUZGqLhOiqqGqAdOc7447n7y9Q31hW5OyoDpOiS6U1zKP7DBkHKuGVSzAqm4OANVh25ywGSm3KK6wck-kyChpg\" rel=\"noreferrer noopener\" target=\"_blank\">@unlpoficial<\/a><a href=\"https:\/\/l.facebook.com\/l.php?u=https%3A%2F%2Fwww.instagram.com%2F_u%2Frelacionesinstitucionalesunlp%3Ffbclid%3DIwZXh0bgNhZW0CMTAAAR0iFkHbyuZT75xDQjHzTzlU5donAt1-tvpxooReppE4ZVoINMBaYk89Oxo_aem_Cr91aH63rSOU9w7xVri_aQ&amp;h=AT0aL6-3e2t2B7ryoPJ-DDsnbS9IYT-tU5-gFR3JS3C1ZSjgOtovcwbuVj-kZ3oXqnXT1WWavTrjYPOQ9A31uW0qhXRJmBsSRIxCKybSWL635PpPg8g4Lj_3T7v-uNRe1n9k&amp;__tn__=-UK-R&amp;c[0]=AT06dAdYBg-BdOm12S7OcIe8mFcVlctyz4ZSQXWgW4zq_INnJD6CHfcK3JKA7Y9MRe40DPFi8Rdpjh6zDkgY9SUkr6km2Fm5-o4P1PSyCOrHAuqZCmpRsgQ70lCBrgjDAk3IDUZGqLhOiqqGqAdOc7447n7y9Q31hW5OyoDpOiS6U1zKP7DBkHKuGVSzAqm4OANVh25ywGSm3KK6wck-kyChpg\" rel=\"noreferrer noopener\" target=\"_blank\">@relacionesinstitucionalesunlp<\/a><\/p>\n","protected":false},"excerpt":{"rendered":"<p>Este jueves 13 de junio, integrantes del Instituto de la Nueva Edad de la Fundaci\u00f3n Pro Humanae Vitae participaron del VII Encuentro en Conmemoraci\u00f3n del D\u00eda Mundial de toma de conciencia del abuso y maltrato en la vejez, organizado por la Mesa de Trabajo de Adultos Mayores de la Universidad Nacional de La Plata. Estuvieron [&hellip;]<\/p>\n","protected":false},"author":5,"featured_media":1136,"comment_status":"closed","ping_status":"closed","sticky":false,"template":"","format":"standard","meta":{"footnotes":""},"categories":[2],"tags":[],"class_list":["post-1135","post","type-post","status-publish","format-standard","has-post-thumbnail","hentry","category-prensa"],"_links":{"self":[{"href":"https:\/\/fphv.org\/index.php?rest_route=\/wp\/v2\/posts\/1135","targetHints":{"allow":["GET"]}}],"collection":[{"href":"https:\/\/fphv.org\/index.php?rest_route=\/wp\/v2\/posts"}],"about":[{"href":"https:\/\/fphv.org\/index.php?rest_route=\/wp\/v2\/types\/post"}],"author":[{"embeddable":true,"href":"https:\/\/fphv.org\/index.php?rest_route=\/wp\/v2\/users\/5"}],"replies":[{"embeddable":true,"href":"https:\/\/fphv.org\/index.php?rest_route=%2Fwp%2Fv2%2Fcomments&post=1135"}],"version-history":[{"count":1,"href":"https:\/\/fphv.org\/index.php?rest_route=\/wp\/v2\/posts\/1135\/revisions"}],"predecessor-version":[{"id":1137,"href":"https:\/\/fphv.org\/index.php?rest_route=\/wp\/v2\/posts\/1135\/revisions\/1137"}],"wp:featuredmedia":[{"embeddable":true,"href":"https:\/\/fphv.org\/index.php?rest_route=\/wp\/v2\/media\/1136"}],"wp:attachment":[{"href":"https:\/\/fphv.org\/index.php?rest_route=%2Fwp%2Fv2%2Fmedia&parent=1135"}],"wp:term":[{"taxonomy":"category","embeddable":true,"href":"https:\/\/fphv.org\/index.php?rest_route=%2Fwp%2Fv2%2Fcategories&post=1135"},{"taxonomy":"post_tag","embeddable":true,"href":"https:\/\/fphv.org\/index.php?rest_route=%2Fwp%2Fv2%2Ftags&post=1135"}],"curies":[{"name":"wp","href":"https:\/\/api.w.org\/{rel}","templated":true}]}}