{"id":1132,"date":"2024-05-13T20:55:00","date_gmt":"2024-05-13T23:55:00","guid":{"rendered":"https:\/\/fphv.org\/?p=1132"},"modified":"2024-12-16T21:01:04","modified_gmt":"2024-12-17T00:01:04","slug":"tardes-platenses-de-te-2","status":"publish","type":"post","link":"https:\/\/fphv.org\/?p=1132","title":{"rendered":"TARDES PLATENSES DE T\u00c9"},"content":{"rendered":"\n<p>El s\u00e1bado 8 de junio se realiz\u00f3 una nueva edici\u00f3n de Tardes Platenses de T\u00e9, programa de Econom\u00eda Social de la Fundaci\u00f3n Pro Humanae Vitae en Rabbit Town.<\/p>\n\n\n\n<p>Con una gran convocatoria, se pudo disfrutar de una hermosa tarde con degustaciones de t\u00e9 y diferentes opciones dulces y saladas.<\/p>\n\n\n\n<p><a><\/a>Asimismo se realizaron sorteos y se pudo disfrutar de m\u00fasica de la mano de la anfitriona Cecilia Chen, haciendo este evento mucho m\u00e1s agradable.<\/p>\n\n\n\n<p>El programa Tardes Platenses de T\u00e9, es un programa creado por la FPHV para impulsar el emprendedurismo y pasarlo a una econom\u00eda formal.<\/p>\n\n\n\n<p><a href=\"https:\/\/www.facebook.com\/hashtag\/fphv?__eep__=6&amp;__cft__[0]=AZUa5DH2xS4Gd2QswdeQthkTyOQQpMMbERH92fmU6d-6Xer_1e_i6PcI-G-GJVhn9mEnhnnE0pBT7CE1lGqjC5TbHKK6GrbFIgV-jucLXdjYEJbbth1uqrSh4u5SEwL7-o2EU2Rgcrv4mLN_OIS-coHtiFssFxFQ81QU6nKfWu-Y_2XaUz6kwH4-rkXLWvN6VQs&amp;__tn__=*NK-R\">#FPHV<\/a><a href=\"https:\/\/l.facebook.com\/l.php?u=https%3A%2F%2Fwww.instagram.com%2F_u%2Ftardesplatensesdetefphv%3Ffbclid%3DIwZXh0bgNhZW0CMTAAAR1gZPKI6qmhuiaqfYF2LejtHHUYfrEpx2D9wrrhJL4eMRDb4q5w6mIpaPs_aem_Dw9TEveRjwKiPeVYMQF2wQ&amp;h=AT2kFLuo-H2s6cpabizt9AZ7gB0B3TK-yxy9x1bpxrXw6tMnfxwb141W7OicMB6ItsmjeF2AU332ekq2FyTgaTlFGYo72GzMULTwENwYKUJzplqDqoV1IaYkAJYEcZiYl1oI&amp;__tn__=-UK-R&amp;c[0]=AT0hTJ4fai2y0ZAM29rs44LJjK3gdc1_wKDmeedhXpSy-byHbV4DKqLcBw00H4OH472gvC9Qd6PnkfacmqZs4b0i0nx-SjO68IsgGbWHLlAYpApiO7nhD6a1tvWYeKQXZhtrK9mI9Bteq8qBgRUBHgJfJIGrRhpK1FP-bET3FY4-AAYlJrVGRwva5Kvi4LZhDSfCMblgxgbIbLub3X5hghkwOg\" rel=\"noreferrer noopener\" target=\"_blank\">@tardesplatensesdetefphv<\/a><a href=\"https:\/\/l.facebook.com\/l.php?u=https%3A%2F%2Fwww.instagram.com%2F_u%2Fgracielafloasanchez%3Ffbclid%3DIwZXh0bgNhZW0CMTAAAR3-ag4EHtf9HZVt0Ik_3tNxOhqnUuj9TeTTv80GAzSI0V7YboLurnUkX0E_aem_-GQLe2jZ2hJQ1gdocrzimQ&amp;h=AT03w9RYHXfoyJ1r3JSgTrL4DM_57Ym3C8ORV1ajWhddS--Z9FgW47rOZAxaNq3rjbTkY9s4Ct1j18a_i7pKf0VBQR97ZguSmMFgMEMHkxMW_zAsw1WeHFf4Wo1Cj6JS61tw2ve1YNovnlI8Z_j9&amp;__tn__=-UK-R&amp;c[0]=AT0hTJ4fai2y0ZAM29rs44LJjK3gdc1_wKDmeedhXpSy-byHbV4DKqLcBw00H4OH472gvC9Qd6PnkfacmqZs4b0i0nx-SjO68IsgGbWHLlAYpApiO7nhD6a1tvWYeKQXZhtrK9mI9Bteq8qBgRUBHgJfJIGrRhpK1FP-bET3FY4-AAYlJrVGRwva5Kvi4LZhDSfCMblgxgbIbLub3X5hghkwOg\" rel=\"noreferrer noopener\" target=\"_blank\">@gracielafloasanchez<\/a><a href=\"https:\/\/www.instagram.com\/_u\/green.rabbit.town?fbclid=IwZXh0bgNhZW0CMTAAAR1EQ2Eu5_1EDtDyHWPBDLc6bUrg28lDelEBilkWQekPsCZoquQ7O8gzPps_aem_7kJkfPQ-4eo_MSDpt75GTQ\" rel=\"noreferrer noopener\" target=\"_blank\">@green.rabbit.town<\/a><\/p>\n","protected":false},"excerpt":{"rendered":"<p>El s\u00e1bado 8 de junio se realiz\u00f3 una nueva edici\u00f3n de Tardes Platenses de T\u00e9, programa de Econom\u00eda Social de la Fundaci\u00f3n Pro Humanae Vitae en Rabbit Town. Con una gran convocatoria, se pudo disfrutar de una hermosa tarde con degustaciones de t\u00e9 y diferentes opciones dulces y saladas. Asimismo se realizaron sorteos y se [&hellip;]<\/p>\n","protected":false},"author":5,"featured_media":1133,"comment_status":"closed","ping_status":"closed","sticky":false,"template":"","format":"standard","meta":{"footnotes":""},"categories":[1],"tags":[],"class_list":["post-1132","post","type-post","status-publish","format-standard","has-post-thumbnail","hentry","category-eventos"],"_links":{"self":[{"href":"https:\/\/fphv.org\/index.php?rest_route=\/wp\/v2\/posts\/1132","targetHints":{"allow":["GET"]}}],"collection":[{"href":"https:\/\/fphv.org\/index.php?rest_route=\/wp\/v2\/posts"}],"about":[{"href":"https:\/\/fphv.org\/index.php?rest_route=\/wp\/v2\/types\/post"}],"author":[{"embeddable":true,"href":"https:\/\/fphv.org\/index.php?rest_route=\/wp\/v2\/users\/5"}],"replies":[{"embeddable":true,"href":"https:\/\/fphv.org\/index.php?rest_route=%2Fwp%2Fv2%2Fcomments&post=1132"}],"version-history":[{"count":1,"href":"https:\/\/fphv.org\/index.php?rest_route=\/wp\/v2\/posts\/1132\/revisions"}],"predecessor-version":[{"id":1134,"href":"https:\/\/fphv.org\/index.php?rest_route=\/wp\/v2\/posts\/1132\/revisions\/1134"}],"wp:featuredmedia":[{"embeddable":true,"href":"https:\/\/fphv.org\/index.php?rest_route=\/wp\/v2\/media\/1133"}],"wp:attachment":[{"href":"https:\/\/fphv.org\/index.php?rest_route=%2Fwp%2Fv2%2Fmedia&parent=1132"}],"wp:term":[{"taxonomy":"category","embeddable":true,"href":"https:\/\/fphv.org\/index.php?rest_route=%2Fwp%2Fv2%2Fcategories&post=1132"},{"taxonomy":"post_tag","embeddable":true,"href":"https:\/\/fphv.org\/index.php?rest_route=%2Fwp%2Fv2%2Ftags&post=1132"}],"curies":[{"name":"wp","href":"https:\/\/api.w.org\/{rel}","templated":true}]}}