{"id":1128,"date":"2024-06-09T20:51:00","date_gmt":"2024-06-09T23:51:00","guid":{"rendered":"https:\/\/fphv.org\/?p=1128"},"modified":"2024-12-16T20:53:44","modified_gmt":"2024-12-16T23:53:44","slug":"ronda-de-negocios-con-empresas-de-tecnologia-agtech-y-logistica-de-shenzhen","status":"publish","type":"post","link":"https:\/\/fphv.org\/?p=1128","title":{"rendered":"RONDA DE NEGOCIOS CON EMPRESAS DE TECNOLOGIA, AGTECH Y LOGISTICA DE SHENZHEN"},"content":{"rendered":"\n<p>El domingo 2 de junio co-organizamos un evento de networking con empresas provenientes de la Rep\u00fablica Popular China.<\/p>\n\n\n\n<p>En ese marco participaron, el presidente de la FPHV, Rafael Vel\u00e1zquez. Asimismo acompa\u00f1aron los directores del Instituto de Formaci\u00f3n y Promoci\u00f3n del Comercio;<\/p>\n\n\n\n<p>Mart\u00edn Ranea, Natalia Raciti, Marcelo Mancuso y Mart\u00edn Bizet.<\/p>\n\n\n\n<p><a><\/a>Tambi\u00e9n participaron miembros del Instituto de Responsabilidad Social Corporativa, Julio Chaparro, CEO de Building; Diego Aguirre, CEO de Construyo al Costo; Sandra Diz, Fundadora de Cell Play; Juan Falchi, CEO de Cell Play;Evelina Diaz, Representante de REMAX Diagonal II y Marcelo y Jos\u00e9 Randazzo del Grupo Randazzo.<\/p>\n\n\n\n<p>Asimismo, contamos con la presencia de Mar\u00eda del Carmen Alarc\u00f3n, Directora de Relaciones Internacionales de la Provincia de Buenos Aires y Sof\u00eda de Nicolo, Directora de Asuntos Institucionales de la Provincia de Buenos Aires.<\/p>\n\n\n\n<p>En el mismo, asistieron de la Embajada de la Republica Popular China en Argentina, el Consejero An Ganghui y el CEO de Huawei Latinoam\u00e9rica para la regi\u00f3n.<\/p>\n\n\n\n<p>El encuentro finaliz\u00f3 con la firma de un&nbsp;convenio&nbsp;y&nbsp;networking.<\/p>\n\n\n\n<p><\/p>\n","protected":false},"excerpt":{"rendered":"<p>El domingo 2 de junio co-organizamos un evento de networking con empresas provenientes de la Rep\u00fablica Popular China. En ese marco participaron, el presidente de la FPHV, Rafael Vel\u00e1zquez. Asimismo acompa\u00f1aron los directores del Instituto de Formaci\u00f3n y Promoci\u00f3n del Comercio; Mart\u00edn Ranea, Natalia Raciti, Marcelo Mancuso y Mart\u00edn Bizet. Tambi\u00e9n participaron miembros del Instituto [&hellip;]<\/p>\n","protected":false},"author":5,"featured_media":1129,"comment_status":"closed","ping_status":"closed","sticky":false,"template":"","format":"standard","meta":{"footnotes":""},"categories":[2],"tags":[],"class_list":["post-1128","post","type-post","status-publish","format-standard","has-post-thumbnail","hentry","category-prensa"],"_links":{"self":[{"href":"https:\/\/fphv.org\/index.php?rest_route=\/wp\/v2\/posts\/1128","targetHints":{"allow":["GET"]}}],"collection":[{"href":"https:\/\/fphv.org\/index.php?rest_route=\/wp\/v2\/posts"}],"about":[{"href":"https:\/\/fphv.org\/index.php?rest_route=\/wp\/v2\/types\/post"}],"author":[{"embeddable":true,"href":"https:\/\/fphv.org\/index.php?rest_route=\/wp\/v2\/users\/5"}],"replies":[{"embeddable":true,"href":"https:\/\/fphv.org\/index.php?rest_route=%2Fwp%2Fv2%2Fcomments&post=1128"}],"version-history":[{"count":1,"href":"https:\/\/fphv.org\/index.php?rest_route=\/wp\/v2\/posts\/1128\/revisions"}],"predecessor-version":[{"id":1130,"href":"https:\/\/fphv.org\/index.php?rest_route=\/wp\/v2\/posts\/1128\/revisions\/1130"}],"wp:featuredmedia":[{"embeddable":true,"href":"https:\/\/fphv.org\/index.php?rest_route=\/wp\/v2\/media\/1129"}],"wp:attachment":[{"href":"https:\/\/fphv.org\/index.php?rest_route=%2Fwp%2Fv2%2Fmedia&parent=1128"}],"wp:term":[{"taxonomy":"category","embeddable":true,"href":"https:\/\/fphv.org\/index.php?rest_route=%2Fwp%2Fv2%2Fcategories&post=1128"},{"taxonomy":"post_tag","embeddable":true,"href":"https:\/\/fphv.org\/index.php?rest_route=%2Fwp%2Fv2%2Ftags&post=1128"}],"curies":[{"name":"wp","href":"https:\/\/api.w.org\/{rel}","templated":true}]}}