{"id":1122,"date":"2024-06-03T20:28:00","date_gmt":"2024-06-03T23:28:00","guid":{"rendered":"https:\/\/fphv.org\/?p=1122"},"modified":"2024-12-16T20:55:12","modified_gmt":"2024-12-16T23:55:12","slug":"comenzo-el-ciclo-de-charlas-perspectivas-internacionales-en-debate","status":"publish","type":"post","link":"https:\/\/fphv.org\/?p=1122","title":{"rendered":"COMENZ\u00d3 EL CICLO DE CHARLAS \u201cPERSPECTIVAS INTERNACIONALES EN DEBATE\u201d"},"content":{"rendered":"\n<p>El pasado martes 28 de mayo, tuvimos el honor de comenzar nuestro ciclo de charlas del Instituto de Asuntos Trasnsnacionales con una exposici\u00f3n de Carlos Fara sobre \u201cArgentina ante un nuevo ciclo hist\u00f3rico?\u201d.<\/p>\n\n\n\n<p>El primer encuentro fue organizado en el Hotel Grand Brizo y fue inaugurado por nuestro Presidente Rafael Vel\u00e1zquez quien nos introdujo sobre la crisis de la gobernanza global y luego continu\u00f3 con el <a><\/a>desarrollo de el consultor pol\u00edtico Carlos Fara, sobre el nuevo ciclo hist\u00f3rico que estar\u00eda atravesando&nbsp;Argentina.<\/p>\n\n\n\n<p>Gracias a todos por su participaci\u00f3n. Nos encontramos el pr\u00f3ximo mes para la segunda edici\u00f3n de este ciclo de charlas, que contar\u00e1 con otro&nbsp;gran&nbsp;disertor.<\/p>\n","protected":false},"excerpt":{"rendered":"<p>El pasado martes 28 de mayo, tuvimos el honor de comenzar nuestro ciclo de charlas del Instituto de Asuntos Trasnsnacionales con una exposici\u00f3n de Carlos Fara sobre \u201cArgentina ante un nuevo ciclo hist\u00f3rico?\u201d. El primer encuentro fue organizado en el Hotel Grand Brizo y fue inaugurado por nuestro Presidente Rafael Vel\u00e1zquez quien nos introdujo sobre [&hellip;]<\/p>\n","protected":false},"author":5,"featured_media":1123,"comment_status":"closed","ping_status":"closed","sticky":false,"template":"","format":"standard","meta":{"footnotes":""},"categories":[2],"tags":[],"class_list":["post-1122","post","type-post","status-publish","format-standard","has-post-thumbnail","hentry","category-prensa"],"_links":{"self":[{"href":"https:\/\/fphv.org\/index.php?rest_route=\/wp\/v2\/posts\/1122","targetHints":{"allow":["GET"]}}],"collection":[{"href":"https:\/\/fphv.org\/index.php?rest_route=\/wp\/v2\/posts"}],"about":[{"href":"https:\/\/fphv.org\/index.php?rest_route=\/wp\/v2\/types\/post"}],"author":[{"embeddable":true,"href":"https:\/\/fphv.org\/index.php?rest_route=\/wp\/v2\/users\/5"}],"replies":[{"embeddable":true,"href":"https:\/\/fphv.org\/index.php?rest_route=%2Fwp%2Fv2%2Fcomments&post=1122"}],"version-history":[{"count":1,"href":"https:\/\/fphv.org\/index.php?rest_route=\/wp\/v2\/posts\/1122\/revisions"}],"predecessor-version":[{"id":1124,"href":"https:\/\/fphv.org\/index.php?rest_route=\/wp\/v2\/posts\/1122\/revisions\/1124"}],"wp:featuredmedia":[{"embeddable":true,"href":"https:\/\/fphv.org\/index.php?rest_route=\/wp\/v2\/media\/1123"}],"wp:attachment":[{"href":"https:\/\/fphv.org\/index.php?rest_route=%2Fwp%2Fv2%2Fmedia&parent=1122"}],"wp:term":[{"taxonomy":"category","embeddable":true,"href":"https:\/\/fphv.org\/index.php?rest_route=%2Fwp%2Fv2%2Fcategories&post=1122"},{"taxonomy":"post_tag","embeddable":true,"href":"https:\/\/fphv.org\/index.php?rest_route=%2Fwp%2Fv2%2Ftags&post=1122"}],"curies":[{"name":"wp","href":"https:\/\/api.w.org\/{rel}","templated":true}]}}