{"id":1109,"date":"2024-05-29T20:07:00","date_gmt":"2024-05-29T23:07:00","guid":{"rendered":"https:\/\/fphv.org\/?p=1109"},"modified":"2024-12-16T20:08:41","modified_gmt":"2024-12-16T23:08:41","slug":"delegacion-de-pudong-visita-la-ciudad-de-la-plata","status":"publish","type":"post","link":"https:\/\/fphv.org\/?p=1109","title":{"rendered":"DELEGACI\u00d3N DE PUDONG VISITA LA CIUDAD DE LA PLATA"},"content":{"rendered":"\n<p>Este lunes 27 de mayo una delegaci\u00f3n proveniente de la Ciudad de Shangh\u00e1i de la Rep\u00fablica Popular China, visit\u00f3 la ciudad de La Plata y mantuvo una reuni\u00f3n en la sede de la Fundaci\u00f3n Pro Humanae Vitae con representantes de las c\u00e1maras comerciales de la ciudad.<\/p>\n\n\n\n<p>La delegaci\u00f3n estuvo encabezada por el Mr. Zhang Lixin \u2013 Director de Gesti\u00f3n de la Ciudad de la nueva \u00e1rea de Pudong y Oficina de Ejecuci\u00f3n Administrativa, Shangh\u00e1i; Mr. <a><\/a>Jiang Xiaofeng \u2013 Jefe Adjunto de la Oficina General del Pueblo, Nueva \u00c1rea del Gobierno de Pudong, Shangh\u00e1i; Mr. Cheng Dujiang &#8211; Secretario General del Comit\u00e9 del Partido Comunista de Nueva \u00c1rea de Shanghai Pudong, Ciudad Wanxiang, Mr. Zou Jihua \u2013 Jefe de la Oficina General (Oficina de Auditor\u00eda) de Pudong, Nueva \u00c1rea de Gesti\u00f3n de la Ciudad y Oficina de Ejecuci\u00f3n Administrativa, Shanghai; Ms. Zhang Zhiqing \u2013 Jefa de la Divisi\u00f3n de Protecci\u00f3n del medio ambiente ecol\u00f3gico (Oficina de la Nueva \u00c1rea de Pudong, Shanghai); y por el Mr. Yang Chunhai \u2013 L\u00edder del Area de Gesti\u00f3n y Administraci\u00f3n de la Ciudad, Oficina de Ejecuci\u00f3n, Shanghai.<\/p>\n\n\n\n<p>Por parte de la Fundaci\u00f3n Pro Humanae Vitae, estuvo presente su presidente, el se\u00f1or Rafael Vel\u00e1zquez,; miembros del Instituto del Instituto de Formaci\u00f3n y Promoci\u00f3n del Comercio de la FPHV, Mart\u00edn Ranea, presidente de la Asociaci\u00f3n Amigos de Calle 12; Marcelo Mancuso, vicepresidente de la Asociaci\u00f3n de la C\u00e1mara La Plata Oeste; Mart\u00edn Bizet, Gerente comercial de la C\u00e1mara de Comercio e Industria de City Bell; Natalia Raciti, nuestra Directora del Instituto de la Mujer y Presidenta de la C\u00e1mara de Comercio del Centro; y Mat\u00edas Picci, Presidente de la C\u00e1mara de Comerciantes e Industriales e Avenida 44.<\/p>\n\n\n\n<p>Acompa\u00f1\u00f3 tambi\u00e9n en la reuni\u00f3n,Gaston Castagneto, secretario de Relaciones con la Comunidad de la Municipalidad de La Plata.<\/p>\n\n\n\n<p>El objetivo de la reuni\u00f3n fue el de introducci\u00f3n a la delegaci\u00f3n sobre como La Ciudad de La Plata se desarrolla en materia de Gestion Urbana y protecci\u00f3n del medioambiente. La planificaci\u00f3n territorial de nuestra ciudad fue uno de los temas principales desarrollados&nbsp;en&nbsp;la&nbsp;reuni\u00f3n.<\/p>\n\n\n\n<p><\/p>\n","protected":false},"excerpt":{"rendered":"<p>Este lunes 27 de mayo una delegaci\u00f3n proveniente de la Ciudad de Shangh\u00e1i de la Rep\u00fablica Popular China, visit\u00f3 la ciudad de La Plata y mantuvo una reuni\u00f3n en la sede de la Fundaci\u00f3n Pro Humanae Vitae con representantes de las c\u00e1maras comerciales de la ciudad. La delegaci\u00f3n estuvo encabezada por el Mr. Zhang Lixin [&hellip;]<\/p>\n","protected":false},"author":5,"featured_media":1110,"comment_status":"closed","ping_status":"closed","sticky":false,"template":"","format":"standard","meta":{"footnotes":""},"categories":[2],"tags":[],"class_list":["post-1109","post","type-post","status-publish","format-standard","has-post-thumbnail","hentry","category-prensa"],"_links":{"self":[{"href":"https:\/\/fphv.org\/index.php?rest_route=\/wp\/v2\/posts\/1109","targetHints":{"allow":["GET"]}}],"collection":[{"href":"https:\/\/fphv.org\/index.php?rest_route=\/wp\/v2\/posts"}],"about":[{"href":"https:\/\/fphv.org\/index.php?rest_route=\/wp\/v2\/types\/post"}],"author":[{"embeddable":true,"href":"https:\/\/fphv.org\/index.php?rest_route=\/wp\/v2\/users\/5"}],"replies":[{"embeddable":true,"href":"https:\/\/fphv.org\/index.php?rest_route=%2Fwp%2Fv2%2Fcomments&post=1109"}],"version-history":[{"count":1,"href":"https:\/\/fphv.org\/index.php?rest_route=\/wp\/v2\/posts\/1109\/revisions"}],"predecessor-version":[{"id":1111,"href":"https:\/\/fphv.org\/index.php?rest_route=\/wp\/v2\/posts\/1109\/revisions\/1111"}],"wp:featuredmedia":[{"embeddable":true,"href":"https:\/\/fphv.org\/index.php?rest_route=\/wp\/v2\/media\/1110"}],"wp:attachment":[{"href":"https:\/\/fphv.org\/index.php?rest_route=%2Fwp%2Fv2%2Fmedia&parent=1109"}],"wp:term":[{"taxonomy":"category","embeddable":true,"href":"https:\/\/fphv.org\/index.php?rest_route=%2Fwp%2Fv2%2Fcategories&post=1109"},{"taxonomy":"post_tag","embeddable":true,"href":"https:\/\/fphv.org\/index.php?rest_route=%2Fwp%2Fv2%2Ftags&post=1109"}],"curies":[{"name":"wp","href":"https:\/\/api.w.org\/{rel}","templated":true}]}}