{"id":1100,"date":"2024-05-24T19:55:00","date_gmt":"2024-05-24T22:55:00","guid":{"rendered":"https:\/\/fphv.org\/?p=1100"},"modified":"2024-12-16T19:57:39","modified_gmt":"2024-12-16T22:57:39","slug":"veni-a-celebrar-con-nosotros-el-25-de-mayo","status":"publish","type":"post","link":"https:\/\/fphv.org\/?p=1100","title":{"rendered":"VEN\u00cd A CELEBRAR CON NOSOTROS EL 25 DE MAYO"},"content":{"rendered":"\n<p>Te esperamos este s\u00e1bado 25 de mayo desde las 11 horas en Plaza Azcu\u00e9naga para celebrar juntos el 25 de mayo.<\/p>\n\n\n\n<p>Vas a poder encontrar:<\/p>\n\n\n\n<p><img decoding=\"async\" height=\"16\" width=\"16\" alt=\"\u27a1\ufe0f\" src=\"https:\/\/static.xx.fbcdn.net\/images\/emoji.php\/v9\/t9e\/1\/16\/27a1.png\"><a><\/a>Danza folcl\u00f3rica a cargo del Grupo Ra\u00edces de mi Tierra a partir de las 16.30<\/p>\n\n\n\n<p><img decoding=\"async\" height=\"16\" width=\"16\" alt=\"\u27a1\ufe0f\" src=\"https:\/\/static.xx.fbcdn.net\/images\/emoji.php\/v9\/t9e\/1\/16\/27a1.png\"> Banda sinf\u00f3nica de la polic\u00eda<\/p>\n\n\n\n<p><img decoding=\"async\" height=\"16\" width=\"16\" alt=\"\u27a1\ufe0f\" src=\"https:\/\/static.xx.fbcdn.net\/images\/emoji.php\/v9\/t9e\/1\/16\/27a1.png\"> Locro, pastelitos y comidas t\u00edpicas de la mano de nuestros emprendedores.<\/p>\n\n\n\n<p>\u00a1Te esperamos!<\/p>\n\n\n\n<p><a href=\"https:\/\/www.facebook.com\/hashtag\/fphv?__eep__=6&amp;__cft__[0]=AZVpO_jb-1O0gKMDIGAvL3e_DEvSNxVpNSmZSGqWNs1teJeAP0NHtjV4JGDPhuP1mGlD94RNxk8KbwWnwvwP66ZirestfXvA7X90yHQhr1Cz7zjA4uSyEQWhvtDRqrLoNT3kmbIpJYxI4369ot5XYPDQ5p6PDLDoAINlSV11fUsJrQtx2LBl85yUsYy_DQHFBiE&amp;__tn__=*NK-R\">#fphv<\/a><a href=\"https:\/\/www.facebook.com\/hashtag\/25demayo?__eep__=6&amp;__cft__[0]=AZVpO_jb-1O0gKMDIGAvL3e_DEvSNxVpNSmZSGqWNs1teJeAP0NHtjV4JGDPhuP1mGlD94RNxk8KbwWnwvwP66ZirestfXvA7X90yHQhr1Cz7zjA4uSyEQWhvtDRqrLoNT3kmbIpJYxI4369ot5XYPDQ5p6PDLDoAINlSV11fUsJrQtx2LBl85yUsYy_DQHFBiE&amp;__tn__=*NK-R\">#25demayo<\/a><\/p>\n","protected":false},"excerpt":{"rendered":"<p>Te esperamos este s\u00e1bado 25 de mayo desde las 11 horas en Plaza Azcu\u00e9naga para celebrar juntos el 25 de mayo. Vas a poder encontrar: Danza folcl\u00f3rica a cargo del Grupo Ra\u00edces de mi Tierra a partir de las 16.30 Banda sinf\u00f3nica de la polic\u00eda Locro, pastelitos y comidas t\u00edpicas de la mano de nuestros [&hellip;]<\/p>\n","protected":false},"author":5,"featured_media":1101,"comment_status":"closed","ping_status":"closed","sticky":false,"template":"","format":"standard","meta":{"footnotes":""},"categories":[1],"tags":[],"class_list":["post-1100","post","type-post","status-publish","format-standard","has-post-thumbnail","hentry","category-eventos"],"_links":{"self":[{"href":"https:\/\/fphv.org\/index.php?rest_route=\/wp\/v2\/posts\/1100","targetHints":{"allow":["GET"]}}],"collection":[{"href":"https:\/\/fphv.org\/index.php?rest_route=\/wp\/v2\/posts"}],"about":[{"href":"https:\/\/fphv.org\/index.php?rest_route=\/wp\/v2\/types\/post"}],"author":[{"embeddable":true,"href":"https:\/\/fphv.org\/index.php?rest_route=\/wp\/v2\/users\/5"}],"replies":[{"embeddable":true,"href":"https:\/\/fphv.org\/index.php?rest_route=%2Fwp%2Fv2%2Fcomments&post=1100"}],"version-history":[{"count":1,"href":"https:\/\/fphv.org\/index.php?rest_route=\/wp\/v2\/posts\/1100\/revisions"}],"predecessor-version":[{"id":1102,"href":"https:\/\/fphv.org\/index.php?rest_route=\/wp\/v2\/posts\/1100\/revisions\/1102"}],"wp:featuredmedia":[{"embeddable":true,"href":"https:\/\/fphv.org\/index.php?rest_route=\/wp\/v2\/media\/1101"}],"wp:attachment":[{"href":"https:\/\/fphv.org\/index.php?rest_route=%2Fwp%2Fv2%2Fmedia&parent=1100"}],"wp:term":[{"taxonomy":"category","embeddable":true,"href":"https:\/\/fphv.org\/index.php?rest_route=%2Fwp%2Fv2%2Fcategories&post=1100"},{"taxonomy":"post_tag","embeddable":true,"href":"https:\/\/fphv.org\/index.php?rest_route=%2Fwp%2Fv2%2Ftags&post=1100"}],"curies":[{"name":"wp","href":"https:\/\/api.w.org\/{rel}","templated":true}]}}