{"id":1082,"date":"2024-05-13T19:01:00","date_gmt":"2024-05-13T22:01:00","guid":{"rendered":"https:\/\/fphv.org\/?p=1082"},"modified":"2024-12-16T19:10:15","modified_gmt":"2024-12-16T22:10:15","slug":"beneplacito-por-la-nueva-comision-directiva-del-foro-del-sector-social","status":"publish","type":"post","link":"https:\/\/fphv.org\/?p=1082","title":{"rendered":"BENEPL\u00c1CITO POR LA NUEVA COMISI\u00d3N DIRECTIVA DEL FORO DEL SECTOR SOCIAL"},"content":{"rendered":"\n<p>El d\u00eda viernes 3 de mayo, el <a href=\"https:\/\/www.instagram.com\/_u\/concejolaplata?fbclid=IwZXh0bgNhZW0CMTAAAR0iFkHbyuZT75xDQjHzTzlU5donAt1-tvpxooReppE4ZVoINMBaYk89Oxo_aem_Cr91aH63rSOU9w7xVri_aQ\" rel=\"noreferrer noopener\" target=\"_blank\">@concejolaplata<\/a> vot\u00f3 por unanimidad el proyecto presentado por el concejal <a href=\"https:\/\/www.instagram.com\/_u\/nicomorzone?fbclid=IwZXh0bgNhZW0CMTAAAR1Fd2G9lfFTwZgwN1aLA_TCn-WphK7528MFJzXHi4WrM4_CG90H_3Z9-TI_aem_73vS3DqwlAbKHqol99LKLA\" rel=\"noreferrer noopener\" target=\"_blank\">@nicomorzone<\/a> declarando el benepl\u00e1cito por la elecci\u00f3n de la nueva Comisi\u00f3n Directiva del <a href=\"https:\/\/l.facebook.com\/l.php?u=https%3A%2F%2Fwww.instagram.com%2F_u%2Fforosectorsocial%3Ffbclid%3DIwZXh0bgNhZW0CMTAAAR140FZ0tvPoKNtc63mTS6nNSJ0AZJVsr4F6Z51QO4mNdtpXXuHedTKK-QE_aem_WKgxFA6VHjJLYwTU0Dyr4A&amp;h=AT2JPfk9Zea0gb5mqIOynhzu5tCy4pbwV9AmXZfqeWixb2Pnl12ZicxznfXgvdHOmbRY2UDJyxqb7bB4c_Q5Xzyv6tsKNfqrqOeF7AXpKsq4mKBMzHzRxsF4PyYg-Ws9IuEh&amp;__tn__=-UK-R&amp;c[0]=AT3CTHCcR4m9MAkmUWoM-QMSSwGSoTLSyvzVdtq5bZpwYx5NAPpSWAVq-SHqdUZu1zggrOMvTFRaya6wDUlFJMMeAV8aZqImQcBxZAmK5uAcf8JLAWQJnsHdaWQOtPodFQ6zlOXSybdMgg7mXPlToIzDIGgg424XFvKDTU-Lnoxk5OQ4v027X_PNkspmC7rgDfMCd-3cLqSujBhS-PMxWnG0Lw\" rel=\"noreferrer noopener\" target=\"_blank\">@forosectorsocial<\/a> la cual preside nuestro Pdte. de FPHV, Rafael Vel\u00e1zquez, junto a Mercedes Aranguren como Vicepresidente primera, y Sebasti\u00e1n Ca\u00f1\u00f3n como Secretario General.<\/p>\n\n\n\n<p>Agradecemos a todo el cuerpo, que <a><\/a>representado por <a href=\"https:\/\/l.facebook.com\/l.php?u=https%3A%2F%2Fwww.instagram.com%2F_u%2Fmarcelogalland%3Ffbclid%3DIwZXh0bgNhZW0CMTAAAR3t0Ci580aeej2VxSF_v6fSKxXKoRmN50AAgUOuLHiuaM-oJQ-c2es91qw_aem_6gTWaKDBikROT4nyJmQ7GA&amp;h=AT3D1_VzVQXJsyuELfpzgAU4OI77TxXe4xC7XYZIxOEw8au30ymgsdJB4yH2mEeNzO3FlqUEmluygg8C9yboLieCq5vhAtiD31f2HkD_DQKCm783whUMUHDnTzdn21Od2GTT&amp;__tn__=-UK-R&amp;c[0]=AT3CTHCcR4m9MAkmUWoM-QMSSwGSoTLSyvzVdtq5bZpwYx5NAPpSWAVq-SHqdUZu1zggrOMvTFRaya6wDUlFJMMeAV8aZqImQcBxZAmK5uAcf8JLAWQJnsHdaWQOtPodFQ6zlOXSybdMgg7mXPlToIzDIGgg424XFvKDTU-Lnoxk5OQ4v027X_PNkspmC7rgDfMCd-3cLqSujBhS-PMxWnG0Lw\" rel=\"noreferrer noopener\" target=\"_blank\">@marcelogalland<\/a> aprob\u00f3 este proyecto, en especial a <a href=\"https:\/\/l.facebook.com\/l.php?u=https%3A%2F%2Fwww.instagram.com%2F_u%2Fnicomorzone%3Ffbclid%3DIwZXh0bgNhZW0CMTAAAR1uJc6z_eew1v6jFoq6xXxNH5eKSNmftTGfHt0jzWkQFmqFs9YmuNwu1yo_aem_ZpejZO61KVdKFBDBJbKQ1A&amp;h=AT2pjh4J5OSD-kvCfJE7jKAEuJd7gPnTYJw4bX-pWlaFVrrgR6WnYQAiuJecvARIy8g6vkw_mA9dllU8cw07YK8Fh3eq6RUd1JQWjwnlUswhJoMoXwj1Y7Jdo438ZsSsOgOl&amp;__tn__=-UK-R&amp;c[0]=AT3CTHCcR4m9MAkmUWoM-QMSSwGSoTLSyvzVdtq5bZpwYx5NAPpSWAVq-SHqdUZu1zggrOMvTFRaya6wDUlFJMMeAV8aZqImQcBxZAmK5uAcf8JLAWQJnsHdaWQOtPodFQ6zlOXSybdMgg7mXPlToIzDIGgg424XFvKDTU-Lnoxk5OQ4v027X_PNkspmC7rgDfMCd-3cLqSujBhS-PMxWnG0Lw\" rel=\"noreferrer noopener\" target=\"_blank\">@nicomorzone<\/a> por comprometerse con la visibilizaci\u00f3n y promoci\u00f3n de las organizaciones de la sociedad civil.<\/p>\n\n\n\n<p><a href=\"https:\/\/www.facebook.com\/hashtag\/fphv?__eep__=6&amp;__cft__[0]=AZVkdBQfNu_IzdqIElDlK2_oBWbPi1btldrBiFfnEH_PbWTzfCuzFTnQsW-JmHHVGDCvQvxTEGh-yqzNlFGKvdOySBVmdD5IPzkRGV7G6e4pEJGgNBUHDRNEw5E5-tHjxac215nVTJXCT9eWj4lhzk6yUZOaTXkAQXiMt_149rHK_m3ic0V-uBUnWY-a9uL9u-Y&amp;__tn__=*NK-R\">#FPHV<\/a><a href=\"https:\/\/www.facebook.com\/hashtag\/fdss?__eep__=6&amp;__cft__[0]=AZVkdBQfNu_IzdqIElDlK2_oBWbPi1btldrBiFfnEH_PbWTzfCuzFTnQsW-JmHHVGDCvQvxTEGh-yqzNlFGKvdOySBVmdD5IPzkRGV7G6e4pEJGgNBUHDRNEw5E5-tHjxac215nVTJXCT9eWj4lhzk6yUZOaTXkAQXiMt_149rHK_m3ic0V-uBUnWY-a9uL9u-Y&amp;__tn__=*NK-R\">#FDSS<\/a><\/p>\n","protected":false},"excerpt":{"rendered":"<p>El d\u00eda viernes 3 de mayo, el @concejolaplata vot\u00f3 por unanimidad el proyecto presentado por el concejal @nicomorzone declarando el benepl\u00e1cito por la elecci\u00f3n de la nueva Comisi\u00f3n Directiva del @forosectorsocial la cual preside nuestro Pdte. de FPHV, Rafael Vel\u00e1zquez, junto a Mercedes Aranguren como Vicepresidente primera, y Sebasti\u00e1n Ca\u00f1\u00f3n como Secretario General. Agradecemos a [&hellip;]<\/p>\n","protected":false},"author":5,"featured_media":1083,"comment_status":"closed","ping_status":"closed","sticky":false,"template":"","format":"standard","meta":{"footnotes":""},"categories":[2],"tags":[],"class_list":["post-1082","post","type-post","status-publish","format-standard","has-post-thumbnail","hentry","category-prensa"],"_links":{"self":[{"href":"https:\/\/fphv.org\/index.php?rest_route=\/wp\/v2\/posts\/1082","targetHints":{"allow":["GET"]}}],"collection":[{"href":"https:\/\/fphv.org\/index.php?rest_route=\/wp\/v2\/posts"}],"about":[{"href":"https:\/\/fphv.org\/index.php?rest_route=\/wp\/v2\/types\/post"}],"author":[{"embeddable":true,"href":"https:\/\/fphv.org\/index.php?rest_route=\/wp\/v2\/users\/5"}],"replies":[{"embeddable":true,"href":"https:\/\/fphv.org\/index.php?rest_route=%2Fwp%2Fv2%2Fcomments&post=1082"}],"version-history":[{"count":1,"href":"https:\/\/fphv.org\/index.php?rest_route=\/wp\/v2\/posts\/1082\/revisions"}],"predecessor-version":[{"id":1084,"href":"https:\/\/fphv.org\/index.php?rest_route=\/wp\/v2\/posts\/1082\/revisions\/1084"}],"wp:featuredmedia":[{"embeddable":true,"href":"https:\/\/fphv.org\/index.php?rest_route=\/wp\/v2\/media\/1083"}],"wp:attachment":[{"href":"https:\/\/fphv.org\/index.php?rest_route=%2Fwp%2Fv2%2Fmedia&parent=1082"}],"wp:term":[{"taxonomy":"category","embeddable":true,"href":"https:\/\/fphv.org\/index.php?rest_route=%2Fwp%2Fv2%2Fcategories&post=1082"},{"taxonomy":"post_tag","embeddable":true,"href":"https:\/\/fphv.org\/index.php?rest_route=%2Fwp%2Fv2%2Ftags&post=1082"}],"curies":[{"name":"wp","href":"https:\/\/api.w.org\/{rel}","templated":true}]}}