{"id":1079,"date":"2024-05-09T18:50:00","date_gmt":"2024-05-09T21:50:00","guid":{"rendered":"https:\/\/fphv.org\/?p=1079"},"modified":"2024-12-16T18:57:25","modified_gmt":"2024-12-16T21:57:25","slug":"ruido-mental-mujeres-emprendedoras-2","status":"publish","type":"post","link":"https:\/\/fphv.org\/?p=1079","title":{"rendered":"RUIDO MENTAL, mujeres emprendedoras"},"content":{"rendered":"\n<p>Este mi\u00e9rcoles 08 se realiz\u00f3 en la Casa FPHV una charla abierta convocada por <a href=\"https:\/\/www.instagram.com\/_u\/natalia_raciti_?fbclid=IwZXh0bgNhZW0CMTAAAR1Fd2G9lfFTwZgwN1aLA_TCn-WphK7528MFJzXHi4WrM4_CG90H_3Z9-TI_aem_73vS3DqwlAbKHqol99LKLA\" rel=\"noreferrer noopener\" target=\"_blank\">@natalia_raciti_<\/a> Directora del Instituto de la Mujer de <a href=\"https:\/\/l.facebook.com\/l.php?u=https%3A%2F%2Fwww.instagram.com%2F_u%2Ffphvarg%3Ffbclid%3DIwZXh0bgNhZW0CMTAAAR1gZPKI6qmhuiaqfYF2LejtHHUYfrEpx2D9wrrhJL4eMRDb4q5w6mIpaPs_aem_Dw9TEveRjwKiPeVYMQF2wQ&amp;h=AT1_DA2jL_jjrDBvYqeMk-4kdF1jojY9CTqXQq0wm6niqt63EqgbikW0RkhLu749T3Ces3SeC83kPBnfW24-0OmiBhHXqvHt_N-FOyDmKSsJYEwBD1nDyVQBaCi80fy4yvdaAf3N1IWZyQWvVt_-&amp;__tn__=-UK-R&amp;c[0]=AT355kG3phTfv11czbiK0wr0gxJk7JTlfm5pxe8dVMs2MP5SxPLSqeKonmHTljGbYqQsj5aXm_8Kb1rgPZcm8aARZFzYw4Enht5Km97vaD1BUXFdaw8qtdC-F_eeI6FKNt_2W9ctkmvWZMEt2gBCvDzEPcgOigqNU2c5hNUFL0rJcGIILGMfbr65f2bf2T4PHg5YG95JT0Ss_LofaNKgEDsAvA\" rel=\"noreferrer noopener\" target=\"_blank\">@fphvarg<\/a><\/p>\n\n\n\n<p>Nos acompa\u00f1\u00f3 <a href=\"https:\/\/www.instagram.com\/_u\/maga.mromero?fbclid=IwZXh0bgNhZW0CMTAAAR140FZ0tvPoKNtc63mTS6nNSJ0AZJVsr4F6Z51QO4mNdtpXXuHedTKK-QE_aem_WKgxFA6VHjJLYwTU0Dyr4A\" rel=\"noreferrer noopener\" target=\"_blank\">@maga.mromero<\/a> ingeniera y emprendedora de La Plata.<\/p>\n\n\n\n<p>Se <a><\/a>debati\u00f3 acerca de modos y recursos para escalar en los proyectos personales, nuevas formas de elevar a un nivel m\u00e1s productivo los emprendimientos de cada uno y como encarar el ambiente del mercado emprendedor desde el lugar de la mujer.<\/p>\n\n\n\n<p>\u00a1Gracias por participar!<\/p>\n\n\n\n<p><a href=\"https:\/\/www.facebook.com\/hashtag\/fphv?__eep__=6&amp;__cft__[0]=AZWvBDB-gONbFTn9cRhOr5ilZakZJssclOLnGXOz995Rpqfo8SYGEyIypTFT7m9j1dGS-u3uGG1mPCJPH9zDSVpYP2iRX9F0JnnUNPCtKlvqzKI8KEguqBxJg34clXREPflFmt-VclioJqOoKbDh02ecQeU3P6viHT05bA8CXeeRPbVQ6-GAVAh9ImZiVXlBA-w&amp;__tn__=*NK-R\">#FPHV<\/a><a href=\"https:\/\/www.facebook.com\/hashtag\/institutodelamujer?__eep__=6&amp;__cft__[0]=AZWvBDB-gONbFTn9cRhOr5ilZakZJssclOLnGXOz995Rpqfo8SYGEyIypTFT7m9j1dGS-u3uGG1mPCJPH9zDSVpYP2iRX9F0JnnUNPCtKlvqzKI8KEguqBxJg34clXREPflFmt-VclioJqOoKbDh02ecQeU3P6viHT05bA8CXeeRPbVQ6-GAVAh9ImZiVXlBA-w&amp;__tn__=*NK-R\">#InstitutoDeLaMujer<\/a><a href=\"https:\/\/l.facebook.com\/l.php?u=https%3A%2F%2Fwww.instagram.com%2F_u%2Fodraemprendedores%3Ffbclid%3DIwZXh0bgNhZW0CMTAAAR140FZ0tvPoKNtc63mTS6nNSJ0AZJVsr4F6Z51QO4mNdtpXXuHedTKK-QE_aem_WKgxFA6VHjJLYwTU0Dyr4A&amp;h=AT3FTQ8tG_6A3Xyzo0klUDjNTCgWozhs6wTYoUXwFspJB4ct0nAPRVlC3plbzLtBmHxdEJn6idVNVaun1xv0bLyV4sBk7KNIDi82xIiBcmCMRTj2K58Usqk31gTE24JBFTHw&amp;__tn__=-UK-R&amp;c[0]=AT355kG3phTfv11czbiK0wr0gxJk7JTlfm5pxe8dVMs2MP5SxPLSqeKonmHTljGbYqQsj5aXm_8Kb1rgPZcm8aARZFzYw4Enht5Km97vaD1BUXFdaw8qtdC-F_eeI6FKNt_2W9ctkmvWZMEt2gBCvDzEPcgOigqNU2c5hNUFL0rJcGIILGMfbr65f2bf2T4PHg5YG95JT0Ss_LofaNKgEDsAvA\" rel=\"noreferrer noopener\" target=\"_blank\">@odraemprendedores<\/a><\/p>\n","protected":false},"excerpt":{"rendered":"<p>Este mi\u00e9rcoles 08 se realiz\u00f3 en la Casa FPHV una charla abierta convocada por @natalia_raciti_ Directora del Instituto de la Mujer de @fphvarg Nos acompa\u00f1\u00f3 @maga.mromero ingeniera y emprendedora de La Plata. Se debati\u00f3 acerca de modos y recursos para escalar en los proyectos personales, nuevas formas de elevar a un nivel m\u00e1s productivo los [&hellip;]<\/p>\n","protected":false},"author":5,"featured_media":1080,"comment_status":"closed","ping_status":"closed","sticky":false,"template":"","format":"standard","meta":{"footnotes":""},"categories":[1,2],"tags":[],"class_list":["post-1079","post","type-post","status-publish","format-standard","has-post-thumbnail","hentry","category-eventos","category-prensa"],"_links":{"self":[{"href":"https:\/\/fphv.org\/index.php?rest_route=\/wp\/v2\/posts\/1079","targetHints":{"allow":["GET"]}}],"collection":[{"href":"https:\/\/fphv.org\/index.php?rest_route=\/wp\/v2\/posts"}],"about":[{"href":"https:\/\/fphv.org\/index.php?rest_route=\/wp\/v2\/types\/post"}],"author":[{"embeddable":true,"href":"https:\/\/fphv.org\/index.php?rest_route=\/wp\/v2\/users\/5"}],"replies":[{"embeddable":true,"href":"https:\/\/fphv.org\/index.php?rest_route=%2Fwp%2Fv2%2Fcomments&post=1079"}],"version-history":[{"count":1,"href":"https:\/\/fphv.org\/index.php?rest_route=\/wp\/v2\/posts\/1079\/revisions"}],"predecessor-version":[{"id":1081,"href":"https:\/\/fphv.org\/index.php?rest_route=\/wp\/v2\/posts\/1079\/revisions\/1081"}],"wp:featuredmedia":[{"embeddable":true,"href":"https:\/\/fphv.org\/index.php?rest_route=\/wp\/v2\/media\/1080"}],"wp:attachment":[{"href":"https:\/\/fphv.org\/index.php?rest_route=%2Fwp%2Fv2%2Fmedia&parent=1079"}],"wp:term":[{"taxonomy":"category","embeddable":true,"href":"https:\/\/fphv.org\/index.php?rest_route=%2Fwp%2Fv2%2Fcategories&post=1079"},{"taxonomy":"post_tag","embeddable":true,"href":"https:\/\/fphv.org\/index.php?rest_route=%2Fwp%2Fv2%2Ftags&post=1079"}],"curies":[{"name":"wp","href":"https:\/\/api.w.org\/{rel}","templated":true}]}}