{"id":1076,"date":"2024-05-09T18:48:00","date_gmt":"2024-05-09T21:48:00","guid":{"rendered":"https:\/\/fphv.org\/?p=1076"},"modified":"2024-12-16T18:50:00","modified_gmt":"2024-12-16T21:50:00","slug":"dia-de-europa-9-de-mayo","status":"publish","type":"post","link":"https:\/\/fphv.org\/?p=1076","title":{"rendered":"D\u00cdA DE EUROPA &#8211; 9 de mayo"},"content":{"rendered":"\n<p>Cada 9 de mayo se conmemora el <a href=\"https:\/\/www.facebook.com\/hashtag\/d%C3%ADadeeuropa?__eep__=6&amp;__cft__[0]=AZUrISBEs7adHt9hyLgr3MfLn5vtvKcpDHxhfSupT6CGrt_wq9HTCz7-nLfglqwGGdlfP9RS2OKuDGllAEfzXMUnxWwXEbNU9SQ_F97lQwb3XEZeXvppBI_KeafpK1aFtcGYHfcFxsJ3dPOI2OaeeuriFpz7h_Bx63dQjGbtAVPlZMpVnpFrOu6-spegQFXNhYA&amp;__tn__=*NK-R\">#D\u00edaDeEuropa<\/a>, a modo de celebraci\u00f3n por la uni\u00f3n y paz entre los estados europeos gracias a la &#8216;Declaraci\u00f3n Schuman&#8217;.<\/p>\n\n\n\n<p>Robert Schuman, ex ministro franc\u00e9s de Asuntos Exteriores, impuls\u00f3 la uni\u00f3n de la comunidad europea mediante la administraci\u00f3n conjunta del carb\u00f3n y el acero de Alemania y Francia.<\/p>\n\n\n\n<p><a><\/a>Logrando de esta manera una cooperaci\u00f3n entre todos los pa\u00edses y promoviendo la paz entre ellos.<\/p>\n\n\n\n<p>Desde la Fundaci\u00f3n Pro Humanae Vitae, saludamos a los representantes diplom\u00e1ticos en la Argentina, nacionales, partners y amigos que nos acompa\u00f1an.<\/p>\n\n\n\n<p>Sigamos trabajando por el desarrollo en conjunto, el multilateralismo y la democracia.<\/p>\n\n\n\n<p><a href=\"https:\/\/www.facebook.com\/hashtag\/fphv?__eep__=6&amp;__cft__[0]=AZUrISBEs7adHt9hyLgr3MfLn5vtvKcpDHxhfSupT6CGrt_wq9HTCz7-nLfglqwGGdlfP9RS2OKuDGllAEfzXMUnxWwXEbNU9SQ_F97lQwb3XEZeXvppBI_KeafpK1aFtcGYHfcFxsJ3dPOI2OaeeuriFpz7h_Bx63dQjGbtAVPlZMpVnpFrOu6-spegQFXNhYA&amp;__tn__=*NK-R\">#FPHV<\/a><\/p>\n\n\n\n<p><a href=\"https:\/\/l.facebook.com\/l.php?u=https%3A%2F%2Fwww.instagram.com%2F_u%2Frafaelvelazquezarg%3Ffbclid%3DIwZXh0bgNhZW0CMTAAAR262W4MOML21TyfnwFYR_iosiVVFk-JhgkYhk8uJMlOsW_cflVD23_wY5Q_aem_haE4MIjPj0_7KoLTcsmp3A&amp;h=AT3U6zKuCadAHyhMpOoga2AceGyfJCo1DT4nE9w5qCBaoWYwCeBXtT54m2B2Y2u_h-FwLyc8rv5AQsyNqqJCNnM3Csy5BFGJE-XbRqdf-_JQS52Wodpss6PX6NlxN2XVWGWS&amp;__tn__=-UK-R&amp;c[0]=AT3Qw4qn6p3bsyv1CEN25W3mLqbfN1DCeTnYSQajZla13FVtBBakTE3KGQoFIxGjzmMPP4cCez2cvKiXV1zRF1U3Ql35PDr0HkaIXjCnPBViMHbF1MZKTx1ap0cpE-MsRVPxWMs3fPRoxmFjBcCEenfNHCxaaQvS6KL0F9mtdAVEjDH9GRPALHPHkc7ukdoYyihHqPvPNHRrZ0X8rQX4YZw1vQ\" rel=\"noreferrer noopener\" target=\"_blank\">@rafaelvelazquezarg<\/a><a href=\"https:\/\/l.facebook.com\/l.php?u=https%3A%2F%2Fwww.instagram.com%2F_u%2Fueenargentina%3Ffbclid%3DIwZXh0bgNhZW0CMTAAAR1Fd2G9lfFTwZgwN1aLA_TCn-WphK7528MFJzXHi4WrM4_CG90H_3Z9-TI_aem_73vS3DqwlAbKHqol99LKLA&amp;h=AT0heChK-v9ElKfZGV0rvbSxeQIqIH5xNHoAOmVoe8rPm7BeTdQKvwl7vNzsoX9BXweRRWN5BFS76SqA5gpc6l2CHza9HHNpxWe7XXHu6NlMFzh8cc-oSRVOE4qKc6X1k8s-&amp;__tn__=-UK-R&amp;c[0]=AT3Qw4qn6p3bsyv1CEN25W3mLqbfN1DCeTnYSQajZla13FVtBBakTE3KGQoFIxGjzmMPP4cCez2cvKiXV1zRF1U3Ql35PDr0HkaIXjCnPBViMHbF1MZKTx1ap0cpE-MsRVPxWMs3fPRoxmFjBcCEenfNHCxaaQvS6KL0F9mtdAVEjDH9GRPALHPHkc7ukdoYyihHqPvPNHRrZ0X8rQX4YZw1vQ\" rel=\"noreferrer noopener\" target=\"_blank\">@ueenargentina<\/a><\/p>\n","protected":false},"excerpt":{"rendered":"<p>Cada 9 de mayo se conmemora el #D\u00edaDeEuropa, a modo de celebraci\u00f3n por la uni\u00f3n y paz entre los estados europeos gracias a la &#8216;Declaraci\u00f3n Schuman&#8217;. Robert Schuman, ex ministro franc\u00e9s de Asuntos Exteriores, impuls\u00f3 la uni\u00f3n de la comunidad europea mediante la administraci\u00f3n conjunta del carb\u00f3n y el acero de Alemania y Francia. Logrando [&hellip;]<\/p>\n","protected":false},"author":5,"featured_media":1077,"comment_status":"closed","ping_status":"closed","sticky":false,"template":"","format":"standard","meta":{"footnotes":""},"categories":[2],"tags":[],"class_list":["post-1076","post","type-post","status-publish","format-standard","has-post-thumbnail","hentry","category-prensa"],"_links":{"self":[{"href":"https:\/\/fphv.org\/index.php?rest_route=\/wp\/v2\/posts\/1076","targetHints":{"allow":["GET"]}}],"collection":[{"href":"https:\/\/fphv.org\/index.php?rest_route=\/wp\/v2\/posts"}],"about":[{"href":"https:\/\/fphv.org\/index.php?rest_route=\/wp\/v2\/types\/post"}],"author":[{"embeddable":true,"href":"https:\/\/fphv.org\/index.php?rest_route=\/wp\/v2\/users\/5"}],"replies":[{"embeddable":true,"href":"https:\/\/fphv.org\/index.php?rest_route=%2Fwp%2Fv2%2Fcomments&post=1076"}],"version-history":[{"count":1,"href":"https:\/\/fphv.org\/index.php?rest_route=\/wp\/v2\/posts\/1076\/revisions"}],"predecessor-version":[{"id":1078,"href":"https:\/\/fphv.org\/index.php?rest_route=\/wp\/v2\/posts\/1076\/revisions\/1078"}],"wp:featuredmedia":[{"embeddable":true,"href":"https:\/\/fphv.org\/index.php?rest_route=\/wp\/v2\/media\/1077"}],"wp:attachment":[{"href":"https:\/\/fphv.org\/index.php?rest_route=%2Fwp%2Fv2%2Fmedia&parent=1076"}],"wp:term":[{"taxonomy":"category","embeddable":true,"href":"https:\/\/fphv.org\/index.php?rest_route=%2Fwp%2Fv2%2Fcategories&post=1076"},{"taxonomy":"post_tag","embeddable":true,"href":"https:\/\/fphv.org\/index.php?rest_route=%2Fwp%2Fv2%2Ftags&post=1076"}],"curies":[{"name":"wp","href":"https:\/\/api.w.org\/{rel}","templated":true}]}}