{"id":1070,"date":"2024-05-08T18:43:00","date_gmt":"2024-05-08T21:43:00","guid":{"rendered":"https:\/\/fphv.org\/?p=1070"},"modified":"2024-12-16T18:46:45","modified_gmt":"2024-12-16T21:46:45","slug":"llego-el-programa-de-tv-de-fphvarg-vision-capital","status":"publish","type":"post","link":"https:\/\/fphv.org\/?p=1070","title":{"rendered":"Lleg\u00f3 el programa de TV de @fphvarg VISION CAPITAL"},"content":{"rendered":"\n<p>Un programa dedicado al DESARROLLO, COMERCIO, TURISMO Y PRODUCCI\u00d3N <img decoding=\"async\" height=\"16\" width=\"16\" alt=\"\ud83d\udcc8\" src=\"https:\/\/static.xx.fbcdn.net\/images\/emoji.php\/v9\/t1\/1\/16\/1f4c8.png\"><\/p>\n\n\n\n<p>Impulsado por el Instituto de Formaci\u00f3n y Promoci\u00f3n del Comercio de FPHV junto a las c\u00e1maras de comercio de <img decoding=\"async\" height=\"16\" width=\"16\" alt=\"\ud83d\udccd\" src=\"https:\/\/static.xx.fbcdn.net\/images\/emoji.php\/v9\/t2d\/1\/16\/1f4cd.png\">La Plata.<\/p>\n\n\n\n<p>Con <a><\/a>la conducci\u00f3n de <a href=\"https:\/\/l.facebook.com\/l.php?u=https%3A%2F%2Fwww.instagram.com%2F_u%2Fjanahgrinfeldoficial%3Ffbclid%3DIwZXh0bgNhZW0CMTAAAR1Fd2G9lfFTwZgwN1aLA_TCn-WphK7528MFJzXHi4WrM4_CG90H_3Z9-TI_aem_73vS3DqwlAbKHqol99LKLA&amp;h=AT3mUbEadDqvofdRXXv1ceo5YYIfN3zoQDBUba0b4Gf_fbzv2fl1TBA-bjhn4hmAEHQYvXSDeN2lkoWdjEqtXqiZ4RlA2M0BOnGm7y0TZRrKzk0HX0HwJxZsMRe5DxA2W_3V&amp;__tn__=-UK-R&amp;c[0]=AT1A9psdmUJbHoxgTPdYdM-mmDjowpoTQ_J1AkyXc0tClEUNxf6y0JyBrurpoUTyw4SUQOcfUeP8e39pu_h5Uxvql-AcUD0cgW6B8GUJB59I333AVCKaw-H4bPXHTFhhyPkhSFVmMVobUNhgQO2C7ZKU9X-xZXdrW3iTShfzqfrq92mGXfkGA7ZDYkCFpkZTkEH4np5TAKdE_A3NpM7LlQRmCg\" rel=\"noreferrer noopener\" target=\"_blank\">@janahgrinfeldoficial<\/a> junto a invitados de lujo; Visi\u00f3n Capital nos muestra como se vive la producci\u00f3n y el comercio platense desde adentro.<\/p>\n\n\n\n<p>NO TE PIERDAS HOY EL PRIMER PROGRAMA <img decoding=\"async\" height=\"16\" width=\"16\" alt=\"\u203c\ufe0f\" src=\"https:\/\/static.xx.fbcdn.net\/images\/emoji.php\/v9\/t77\/1\/16\/203c.png\"> por <a href=\"https:\/\/l.facebook.com\/l.php?u=https%3A%2F%2Fwww.instagram.com%2F_u%2Fsomoslp%3Ffbclid%3DIwZXh0bgNhZW0CMTAAAR0iFkHbyuZT75xDQjHzTzlU5donAt1-tvpxooReppE4ZVoINMBaYk89Oxo_aem_Cr91aH63rSOU9w7xVri_aQ&amp;h=AT0nDtIr-mKGw_4SvQbPlm3GvPTy5YTPfJFqQDqFT8DsyAtOs_HMDgt4rDH9y3f9L1MbScSLxs3nOGzb7_4kfUuH6vydOPoX2VpA25XCOxwiAGVrN83_qz9rUs-TyuqOObFe&amp;__tn__=-UK-R&amp;c[0]=AT1A9psdmUJbHoxgTPdYdM-mmDjowpoTQ_J1AkyXc0tClEUNxf6y0JyBrurpoUTyw4SUQOcfUeP8e39pu_h5Uxvql-AcUD0cgW6B8GUJB59I333AVCKaw-H4bPXHTFhhyPkhSFVmMVobUNhgQO2C7ZKU9X-xZXdrW3iTShfzqfrq92mGXfkGA7ZDYkCFpkZTkEH4np5TAKdE_A3NpM7LlQRmCg\" rel=\"noreferrer noopener\" target=\"_blank\">@somoslp<\/a><\/p>\n\n\n\n<p><img loading=\"lazy\" decoding=\"async\" height=\"16\" width=\"16\" alt=\"\ud83d\udcc6\" src=\"https:\/\/static.xx.fbcdn.net\/images\/emoji.php\/v9\/tff\/1\/16\/1f4c6.png\"> Todos los mi\u00e9rcoles<\/p>\n\n\n\n<p><img loading=\"lazy\" decoding=\"async\" height=\"16\" width=\"16\" alt=\"\ud83d\udd51\" src=\"https:\/\/static.xx.fbcdn.net\/images\/emoji.php\/v9\/t29\/1\/16\/1f551.png\"> 22hs<\/p>\n\n\n\n<p><img loading=\"lazy\" decoding=\"async\" height=\"16\" width=\"16\" alt=\"\ud83d\udcfa\" src=\"https:\/\/static.xx.fbcdn.net\/images\/emoji.php\/v9\/t87\/1\/16\/1f4fa.png\"> Somos La Plata, Canal 6\/519 FLOW &#8211; Canal 7 Cablevisi\u00f3n<\/p>\n\n\n\n<p><a href=\"https:\/\/www.facebook.com\/hashtag\/fphv?__eep__=6&amp;__cft__[0]=AZWtXUFxvqDjqCKCsS8s0NuNCYORayi-RSa-pwHcXoLBs2EcE4CLOgkeAFyFpbtjECcviI263KIqQ_MqbLIlNkoeDSZhL-DTL34qsmgbbiZZUuzpooAf8hXW5NVSlk9xrDJlK0LwcS9wJu5czw4hZ4LZDZLwie5t3CnVdJc9c4Pl0r832Y4mNGkJokw3c4eZrW0&amp;__tn__=*NK-R\">#FPHV<\/a><a href=\"https:\/\/www.facebook.com\/hashtag\/visioncapital?__eep__=6&amp;__cft__[0]=AZWtXUFxvqDjqCKCsS8s0NuNCYORayi-RSa-pwHcXoLBs2EcE4CLOgkeAFyFpbtjECcviI263KIqQ_MqbLIlNkoeDSZhL-DTL34qsmgbbiZZUuzpooAf8hXW5NVSlk9xrDJlK0LwcS9wJu5czw4hZ4LZDZLwie5t3CnVdJc9c4Pl0r832Y4mNGkJokw3c4eZrW0&amp;__tn__=*NK-R\">#VisionCapital<\/a><\/p>\n\n\n\n<p><a href=\"https:\/\/l.facebook.com\/l.php?u=https%3A%2F%2Fwww.instagram.com%2F_u%2Frafaelvelazquezarg%3Ffbclid%3DIwZXh0bgNhZW0CMTAAAR1EQ2Eu5_1EDtDyHWPBDLc6bUrg28lDelEBilkWQekPsCZoquQ7O8gzPps_aem_7kJkfPQ-4eo_MSDpt75GTQ&amp;h=AT3U6zKuCadAHyhMpOoga2AceGyfJCo1DT4nE9w5qCBaoWYwCeBXtT54m2B2Y2u_h-FwLyc8rv5AQsyNqqJCNnM3Csy5BFGJE-XbRqdf-_JQS52Wodpss6PX6NlxN2XVWGWS&amp;__tn__=-UK-R&amp;c[0]=AT1A9psdmUJbHoxgTPdYdM-mmDjowpoTQ_J1AkyXc0tClEUNxf6y0JyBrurpoUTyw4SUQOcfUeP8e39pu_h5Uxvql-AcUD0cgW6B8GUJB59I333AVCKaw-H4bPXHTFhhyPkhSFVmMVobUNhgQO2C7ZKU9X-xZXdrW3iTShfzqfrq92mGXfkGA7ZDYkCFpkZTkEH4np5TAKdE_A3NpM7LlQRmCg\" rel=\"noreferrer noopener\" target=\"_blank\">@rafaelvelazquezarg<\/a><a href=\"https:\/\/www.instagram.com\/_u\/martinranea81?fbclid=IwZXh0bgNhZW0CMTAAAR0iFkHbyuZT75xDQjHzTzlU5donAt1-tvpxooReppE4ZVoINMBaYk89Oxo_aem_Cr91aH63rSOU9w7xVri_aQ\" rel=\"noreferrer noopener\" target=\"_blank\">@martinranea81<\/a><a href=\"https:\/\/l.facebook.com\/l.php?u=https%3A%2F%2Fwww.instagram.com%2F_u%2Fmarcelo.mancuso.96%3Ffbclid%3DIwZXh0bgNhZW0CMTAAAR0iFkHbyuZT75xDQjHzTzlU5donAt1-tvpxooReppE4ZVoINMBaYk89Oxo_aem_Cr91aH63rSOU9w7xVri_aQ&amp;h=AT0pSQY2Is3bzrgE8RSPT20PF3XhODIwCowXnVlMRYmjFTFI3akscUBeQv5DjrUby-g_4Wp83sEW__gENX4doZcbFvKpg6HmdqQ1C3zbe9tHFWZ0B9gUzSzc1B_PZUF4pkRs&amp;__tn__=-UK-R&amp;c[0]=AT1A9psdmUJbHoxgTPdYdM-mmDjowpoTQ_J1AkyXc0tClEUNxf6y0JyBrurpoUTyw4SUQOcfUeP8e39pu_h5Uxvql-AcUD0cgW6B8GUJB59I333AVCKaw-H4bPXHTFhhyPkhSFVmMVobUNhgQO2C7ZKU9X-xZXdrW3iTShfzqfrq92mGXfkGA7ZDYkCFpkZTkEH4np5TAKdE_A3NpM7LlQRmCg\" rel=\"noreferrer noopener\" target=\"_blank\">@marcelo.mancuso.96<\/a><\/p>\n\n\n\n<p><a href=\"https:\/\/l.facebook.com\/l.php?u=https%3A%2F%2Fwww.instagram.com%2F_u%2Fnatalia_raciti_%3Ffbclid%3DIwZXh0bgNhZW0CMTAAAR1Fd2G9lfFTwZgwN1aLA_TCn-WphK7528MFJzXHi4WrM4_CG90H_3Z9-TI_aem_73vS3DqwlAbKHqol99LKLA&amp;h=AT2kfJ5LKQrSqbA53ZBAPvV-2itk6TkFlFp8Aq3177Yw3-Sw2CDqLAGDFmhZ6gpeO4hoXKgc4npSISK2SXIjkTJDIdpjCunn6d3nefO8mIPleqbp-kRifond2AQAYUt7p7dx&amp;__tn__=-UK-R&amp;c[0]=AT1A9psdmUJbHoxgTPdYdM-mmDjowpoTQ_J1AkyXc0tClEUNxf6y0JyBrurpoUTyw4SUQOcfUeP8e39pu_h5Uxvql-AcUD0cgW6B8GUJB59I333AVCKaw-H4bPXHTFhhyPkhSFVmMVobUNhgQO2C7ZKU9X-xZXdrW3iTShfzqfrq92mGXfkGA7ZDYkCFpkZTkEH4np5TAKdE_A3NpM7LlQRmCg\" rel=\"noreferrer noopener\" target=\"_blank\">@natalia_raciti_<\/a> @jmatiaspicci <a href=\"https:\/\/www.instagram.com\/_u\/martinbizet?fbclid=IwZXh0bgNhZW0CMTAAAR262W4MOML21TyfnwFYR_iosiVVFk-JhgkYhk8uJMlOsW_cflVD23_wY5Q_aem_haE4MIjPj0_7KoLTcsmp3A\" rel=\"noreferrer noopener\" target=\"_blank\">@martinbizet<\/a><\/p>\n\n\n\n<p>@camara_comercial_del_centro <a href=\"https:\/\/www.instagram.com\/_u\/centrocomercialcalle12?fbclid=IwZXh0bgNhZW0CMTAAAR140FZ0tvPoKNtc63mTS6nNSJ0AZJVsr4F6Z51QO4mNdtpXXuHedTKK-QE_aem_WKgxFA6VHjJLYwTU0Dyr4A\" target=\"_blank\" rel=\"noreferrer noopener\">@centrocomercialcalle12<\/a><a href=\"https:\/\/l.facebook.com\/l.php?u=https%3A%2F%2Fwww.instagram.com%2F_u%2Fcalpocamara%3Ffbclid%3DIwZXh0bgNhZW0CMTAAAR3t0Ci580aeej2VxSF_v6fSKxXKoRmN50AAgUOuLHiuaM-oJQ-c2es91qw_aem_6gTWaKDBikROT4nyJmQ7GA&amp;h=AT0dpEjOAd0Gmyya_OPM0eBwHOql2PWV3zn2uXm88jU-LudafC5s2RIrNwBhYwciCFTcBifuCLQlrgzmJeIh-0Uk50qKQr8jmbOYMLpBjZz_mfgM-i6ugn1xbpt_Y7HIEhsh&amp;__tn__=-UK-R&amp;c[0]=AT1A9psdmUJbHoxgTPdYdM-mmDjowpoTQ_J1AkyXc0tClEUNxf6y0JyBrurpoUTyw4SUQOcfUeP8e39pu_h5Uxvql-AcUD0cgW6B8GUJB59I333AVCKaw-H4bPXHTFhhyPkhSFVmMVobUNhgQO2C7ZKU9X-xZXdrW3iTShfzqfrq92mGXfkGA7ZDYkCFpkZTkEH4np5TAKdE_A3NpM7LlQRmCg\" target=\"_blank\" rel=\"noreferrer noopener\">@calpocamara<\/a><a href=\"https:\/\/l.facebook.com\/l.php?u=https%3A%2F%2Fwww.instagram.com%2F_u%2Fbarrio_meridianov%3Ffbclid%3DIwZXh0bgNhZW0CMTAAAR1Fd2G9lfFTwZgwN1aLA_TCn-WphK7528MFJzXHi4WrM4_CG90H_3Z9-TI_aem_73vS3DqwlAbKHqol99LKLA&amp;h=AT2T2PqdK4-nXR7RynhNGLNrNNzegPhgxNoOmxfh9MwkTzcSyZxpQVEVMMIVsjTDA9JwGcOPLSnMsDSYaXwzScmD4jAcAREFlFmScZEe5BiYwQWG4GxatXFfagObXpVX0xkp&amp;__tn__=-UK-R&amp;c[0]=AT1A9psdmUJbHoxgTPdYdM-mmDjowpoTQ_J1AkyXc0tClEUNxf6y0JyBrurpoUTyw4SUQOcfUeP8e39pu_h5Uxvql-AcUD0cgW6B8GUJB59I333AVCKaw-H4bPXHTFhhyPkhSFVmMVobUNhgQO2C7ZKU9X-xZXdrW3iTShfzqfrq92mGXfkGA7ZDYkCFpkZTkEH4np5TAKdE_A3NpM7LlQRmCg\" target=\"_blank\" rel=\"noreferrer noopener\">@barrio_meridianov<\/a> Centro de Comerciantes e Industriales de Av. 44, C\u00e1mara Comercial de San Carlos, C\u00e1mara de Comercio e Industria de City Bell, Centro Comercial Diagonal 80.<\/p>\n\n\n\n<p><\/p>\n","protected":false},"excerpt":{"rendered":"<p>Un programa dedicado al DESARROLLO, COMERCIO, TURISMO Y PRODUCCI\u00d3N Impulsado por el Instituto de Formaci\u00f3n y Promoci\u00f3n del Comercio de FPHV junto a las c\u00e1maras de comercio de La Plata. Con la conducci\u00f3n de @janahgrinfeldoficial junto a invitados de lujo; Visi\u00f3n Capital nos muestra como se vive la producci\u00f3n y el comercio platense desde adentro. [&hellip;]<\/p>\n","protected":false},"author":5,"featured_media":1071,"comment_status":"closed","ping_status":"closed","sticky":false,"template":"","format":"standard","meta":{"footnotes":""},"categories":[2],"tags":[],"class_list":["post-1070","post","type-post","status-publish","format-standard","has-post-thumbnail","hentry","category-prensa"],"_links":{"self":[{"href":"https:\/\/fphv.org\/index.php?rest_route=\/wp\/v2\/posts\/1070","targetHints":{"allow":["GET"]}}],"collection":[{"href":"https:\/\/fphv.org\/index.php?rest_route=\/wp\/v2\/posts"}],"about":[{"href":"https:\/\/fphv.org\/index.php?rest_route=\/wp\/v2\/types\/post"}],"author":[{"embeddable":true,"href":"https:\/\/fphv.org\/index.php?rest_route=\/wp\/v2\/users\/5"}],"replies":[{"embeddable":true,"href":"https:\/\/fphv.org\/index.php?rest_route=%2Fwp%2Fv2%2Fcomments&post=1070"}],"version-history":[{"count":1,"href":"https:\/\/fphv.org\/index.php?rest_route=\/wp\/v2\/posts\/1070\/revisions"}],"predecessor-version":[{"id":1072,"href":"https:\/\/fphv.org\/index.php?rest_route=\/wp\/v2\/posts\/1070\/revisions\/1072"}],"wp:featuredmedia":[{"embeddable":true,"href":"https:\/\/fphv.org\/index.php?rest_route=\/wp\/v2\/media\/1071"}],"wp:attachment":[{"href":"https:\/\/fphv.org\/index.php?rest_route=%2Fwp%2Fv2%2Fmedia&parent=1070"}],"wp:term":[{"taxonomy":"category","embeddable":true,"href":"https:\/\/fphv.org\/index.php?rest_route=%2Fwp%2Fv2%2Fcategories&post=1070"},{"taxonomy":"post_tag","embeddable":true,"href":"https:\/\/fphv.org\/index.php?rest_route=%2Fwp%2Fv2%2Ftags&post=1070"}],"curies":[{"name":"wp","href":"https:\/\/api.w.org\/{rel}","templated":true}]}}