{"id":1067,"date":"2024-05-02T18:42:00","date_gmt":"2024-05-02T21:42:00","guid":{"rendered":"https:\/\/fphv.org\/?p=1067"},"modified":"2024-12-16T18:43:34","modified_gmt":"2024-12-16T21:43:34","slug":"ruido-mental-mujeres-emprendedoras","status":"publish","type":"post","link":"https:\/\/fphv.org\/?p=1067","title":{"rendered":"RUIDO MENTAL, MUJERES EMPRENDEDORAS"},"content":{"rendered":"\n<p>Charla abierta a cargo del \ud835\ude44\ud835\ude63\ud835\ude68\ud835\ude69\ud835\ude5e\ud835\ude69\ud835\ude6a\ud835\ude69\ud835\ude64 \ud835\ude59\ud835\ude5a \ud835\ude61\ud835\ude56 \ud835\ude48\ud835\ude6a\ud835\ude5f\ud835\ude5a\ud835\ude67 de <a href=\"https:\/\/l.facebook.com\/l.php?u=https%3A%2F%2Fwww.instagram.com%2F_u%2Ffphvarg%3Ffbclid%3DIwZXh0bgNhZW0CMTAAAR140FZ0tvPoKNtc63mTS6nNSJ0AZJVsr4F6Z51QO4mNdtpXXuHedTKK-QE_aem_WKgxFA6VHjJLYwTU0Dyr4A&amp;h=AT1_DA2jL_jjrDBvYqeMk-4kdF1jojY9CTqXQq0wm6niqt63EqgbikW0RkhLu749T3Ces3SeC83kPBnfW24-0OmiBhHXqvHt_N-FOyDmKSsJYEwBD1nDyVQBaCi80fy4yvdaAf3N1IWZyQWvVt_-&amp;__tn__=-UK-R&amp;c[0]=AT3o0tfBTSWUS1eVSbQIdnQOPryBJXAU0cLnY8-3fvKsyXOzUworyvkEDiZowMfNXK3JkE1iImhlssLdti9EdsgfyspPd7hjJWJxUciMCTrHB7IJ9EGesOLC4MS7069yfsy-SKSBP1ygv2YIY0m4j_6KFVbzlgEeC6MbAm2uRmplgApbrpwyWmHlw9OqEcjlz-Wq18fxbsGLBCHoKMOosdYHUw\" rel=\"noreferrer noopener\" target=\"_blank\">@fphvarg<\/a><\/p>\n\n\n\n<p>Ven\u00ed a debatir con nosotras <img decoding=\"async\" height=\"16\" width=\"16\" alt=\"\ud83d\ude4c\ud83c\udffb\" src=\"https:\/\/static.xx.fbcdn.net\/images\/emoji.php\/v9\/tb8\/1\/16\/1f64c_1f3fb.png\"><\/p>\n\n\n\n<p>En <a><\/a>esta oportunidad nos acompa\u00f1a <a href=\"https:\/\/www.instagram.com\/_u\/maga.mromero?fbclid=IwZXh0bgNhZW0CMTAAAR1gZPKI6qmhuiaqfYF2LejtHHUYfrEpx2D9wrrhJL4eMRDb4q5w6mIpaPs_aem_Dw9TEveRjwKiPeVYMQF2wQ\" rel=\"noreferrer noopener\" target=\"_blank\">@maga.mromero<\/a> Ingeniera Industrial y emprendedora de nuestra ciudad.<\/p>\n\n\n\n<p><img decoding=\"async\" height=\"16\" width=\"16\" alt=\"\ud83d\udc49\ud83c\udffb\" src=\"https:\/\/static.xx.fbcdn.net\/images\/emoji.php\/v9\/tc\/1\/16\/1f449_1f3fb.png\"> Encontr\u00e1 en nuestro perfil el formulario de inscripci\u00f3n.<\/p>\n\n\n\n<p><img decoding=\"async\" height=\"16\" width=\"16\" alt=\"\ud83d\udcc6\" src=\"https:\/\/static.xx.fbcdn.net\/images\/emoji.php\/v9\/tff\/1\/16\/1f4c6.png\"> 08 de Mayo<\/p>\n\n\n\n<p><img loading=\"lazy\" decoding=\"async\" height=\"16\" width=\"16\" alt=\"\ud83d\udd53\" src=\"https:\/\/static.xx.fbcdn.net\/images\/emoji.php\/v9\/t2b\/1\/16\/1f553.png\"> 18hs<\/p>\n\n\n\n<p><img loading=\"lazy\" decoding=\"async\" height=\"16\" width=\"16\" alt=\"\ud83d\udccd\" src=\"https:\/\/static.xx.fbcdn.net\/images\/emoji.php\/v9\/t2d\/1\/16\/1f4cd.png\"> Casa FPHV (Calle 53 #654)<\/p>\n\n\n\n<p><a href=\"https:\/\/www.facebook.com\/hashtag\/fphv?__eep__=6&amp;__cft__[0]=AZVDc_-wY-z-hD88gZIZnDbqwa1aMWvGjkcy7viMx1ldHo1Th2rx8lq7zrKmfbQyMewm8VRi-IWtn7fD6_oyUr1C1d5uo9dVSCMs7QyPmesGR6RL77KXvpg-e_BjsKSGhhGd96V67qxTsnXaE94TPPUmT81mE_Z4LXgeE47fKWcwCYhGl9-BBfTaWgcWPiWTeg8&amp;__tn__=*NK-R\">#FPHV<\/a><a href=\"https:\/\/www.facebook.com\/hashtag\/institutodelamujer?__eep__=6&amp;__cft__[0]=AZVDc_-wY-z-hD88gZIZnDbqwa1aMWvGjkcy7viMx1ldHo1Th2rx8lq7zrKmfbQyMewm8VRi-IWtn7fD6_oyUr1C1d5uo9dVSCMs7QyPmesGR6RL77KXvpg-e_BjsKSGhhGd96V67qxTsnXaE94TPPUmT81mE_Z4LXgeE47fKWcwCYhGl9-BBfTaWgcWPiWTeg8&amp;__tn__=*NK-R\">#InstitutoDeLaMujer<\/a><\/p>\n\n\n\n<p><a href=\"https:\/\/www.instagram.com\/_u\/rafaelvelazquezarg?fbclid=IwZXh0bgNhZW0CMTAAAR1EQ2Eu5_1EDtDyHWPBDLc6bUrg28lDelEBilkWQekPsCZoquQ7O8gzPps_aem_7kJkfPQ-4eo_MSDpt75GTQ\" rel=\"noreferrer noopener\" target=\"_blank\">@rafaelvelazquezarg<\/a><a href=\"https:\/\/www.instagram.com\/_u\/natalia_raciti_?fbclid=IwZXh0bgNhZW0CMTAAAR1EQ2Eu5_1EDtDyHWPBDLc6bUrg28lDelEBilkWQekPsCZoquQ7O8gzPps_aem_7kJkfPQ-4eo_MSDpt75GTQ\" rel=\"noreferrer noopener\" target=\"_blank\">@natalia_raciti_<\/a><\/p>\n","protected":false},"excerpt":{"rendered":"<p>Charla abierta a cargo del \ud835\ude44\ud835\ude63\ud835\ude68\ud835\ude69\ud835\ude5e\ud835\ude69\ud835\ude6a\ud835\ude69\ud835\ude64 \ud835\ude59\ud835\ude5a \ud835\ude61\ud835\ude56 \ud835\ude48\ud835\ude6a\ud835\ude5f\ud835\ude5a\ud835\ude67 de @fphvarg Ven\u00ed a debatir con nosotras En esta oportunidad nos acompa\u00f1a @maga.mromero Ingeniera Industrial y emprendedora de nuestra ciudad. Encontr\u00e1 en nuestro perfil el formulario de inscripci\u00f3n. 08 de Mayo 18hs Casa FPHV (Calle 53 #654) #FPHV#InstitutoDeLaMujer @rafaelvelazquezarg@natalia_raciti_<\/p>\n","protected":false},"author":5,"featured_media":1068,"comment_status":"closed","ping_status":"closed","sticky":false,"template":"","format":"standard","meta":{"footnotes":""},"categories":[1],"tags":[],"class_list":["post-1067","post","type-post","status-publish","format-standard","has-post-thumbnail","hentry","category-eventos"],"_links":{"self":[{"href":"https:\/\/fphv.org\/index.php?rest_route=\/wp\/v2\/posts\/1067","targetHints":{"allow":["GET"]}}],"collection":[{"href":"https:\/\/fphv.org\/index.php?rest_route=\/wp\/v2\/posts"}],"about":[{"href":"https:\/\/fphv.org\/index.php?rest_route=\/wp\/v2\/types\/post"}],"author":[{"embeddable":true,"href":"https:\/\/fphv.org\/index.php?rest_route=\/wp\/v2\/users\/5"}],"replies":[{"embeddable":true,"href":"https:\/\/fphv.org\/index.php?rest_route=%2Fwp%2Fv2%2Fcomments&post=1067"}],"version-history":[{"count":1,"href":"https:\/\/fphv.org\/index.php?rest_route=\/wp\/v2\/posts\/1067\/revisions"}],"predecessor-version":[{"id":1069,"href":"https:\/\/fphv.org\/index.php?rest_route=\/wp\/v2\/posts\/1067\/revisions\/1069"}],"wp:featuredmedia":[{"embeddable":true,"href":"https:\/\/fphv.org\/index.php?rest_route=\/wp\/v2\/media\/1068"}],"wp:attachment":[{"href":"https:\/\/fphv.org\/index.php?rest_route=%2Fwp%2Fv2%2Fmedia&parent=1067"}],"wp:term":[{"taxonomy":"category","embeddable":true,"href":"https:\/\/fphv.org\/index.php?rest_route=%2Fwp%2Fv2%2Fcategories&post=1067"},{"taxonomy":"post_tag","embeddable":true,"href":"https:\/\/fphv.org\/index.php?rest_route=%2Fwp%2Fv2%2Ftags&post=1067"}],"curies":[{"name":"wp","href":"https:\/\/api.w.org\/{rel}","templated":true}]}}