{"id":1058,"date":"2024-04-26T18:22:00","date_gmt":"2024-04-26T21:22:00","guid":{"rendered":"https:\/\/fphv.org\/?p=1058"},"modified":"2024-12-16T18:24:57","modified_gmt":"2024-12-16T21:24:57","slug":"hablemos-de-fertilidad-sin-tabues-2","status":"publish","type":"post","link":"https:\/\/fphv.org\/?p=1058","title":{"rendered":"HABLEMOS DE FERTILIDAD SIN TAB\u00daES"},"content":{"rendered":"\n<p>Este viernes 26 de abril, se realiz\u00f3 en la sede de la FPHV la charla \u201cHablemos de fertilidad sin tab\u00faes\u201d que estuvo a cargo de <a href=\"https:\/\/l.facebook.com\/l.php?u=https%3A%2F%2Fwww.instagram.com%2F_u%2Fnoeliaponcedeleon%3Ffbclid%3DIwZXh0bgNhZW0CMTAAAR1gZPKI6qmhuiaqfYF2LejtHHUYfrEpx2D9wrrhJL4eMRDb4q5w6mIpaPs_aem_Dw9TEveRjwKiPeVYMQF2wQ&amp;h=AT1xcWaAKEnWgesknrmml1jBATngSaXF-6Nc1OxGten44njlXceN1E12d_Diff0Rbb-mwNeFOMDETxzyTnTIQcTdEg4B75RQqpXSFCgw3KrFbfTPzElgp499MDDI4R6k2Q3N&amp;__tn__=-UK-R&amp;c[0]=AT3chV0tQqf37oDNFXzs4sT9-w4Hb_UjYubIfMql7IUYT7OtZPKcMtAKxAAxmN14E5AJ0yO_RCJ9K5sthyZ6Top1YFmBVR4rWWHcFh5j-YGJdsaBvWkIhKJB6SCch7TrqGP7Ck31cyyamW0F0cgi8nnnbkNF6Vs2WsJCgaHbH2tXhmx7UbR0gxrJ8kQyDPvdK600oYaXJIAG5GeKk57LJWhnjA\" rel=\"noreferrer noopener\" target=\"_blank\">@noeliaponcedeleon<\/a> y @rominagoitia quienes nos compartieron su testimonio frente a las situaciones que atravesaron en el proceso de fertilidad.<\/p>\n\n\n\n<p>La charla cont\u00f3 con la presentaci\u00f3n de <a href=\"https:\/\/l.facebook.com\/l.php?u=https%3A%2F%2Fwww.instagram.com%2F_u%2Fnatalia_raciti_%3Ffbclid%3DIwZXh0bgNhZW0CMTAAAR1gZPKI6qmhuiaqfYF2LejtHHUYfrEpx2D9wrrhJL4eMRDb4q5w6mIpaPs_aem_Dw9TEveRjwKiPeVYMQF2wQ&amp;h=AT2kfJ5LKQrSqbA53ZBAPvV-2itk6TkFlFp8Aq3177Yw3-Sw2CDqLAGDFmhZ6gpeO4hoXKgc4npSISK2SXIjkTJDIdpjCunn6d3nefO8mIPleqbp-kRifond2AQAYUt7p7dx&amp;__tn__=-UK-R&amp;c[0]=AT3chV0tQqf37oDNFXzs4sT9-w4Hb_UjYubIfMql7IUYT7OtZPKcMtAKxAAxmN14E5AJ0yO_RCJ9K5sthyZ6Top1YFmBVR4rWWHcFh5j-YGJdsaBvWkIhKJB6SCch7TrqGP7Ck31cyyamW0F0cgi8nnnbkNF6Vs2WsJCgaHbH2tXhmx7UbR0gxrJ8kQyDPvdK600oYaXJIAG5GeKk57LJWhnjA\" rel=\"noreferrer noopener\" target=\"_blank\">@natalia_raciti_<\/a> directora del Instituto de la Mujer, y con la presencia de integrantes del Instituto de la Mujer, Patricia Vaquero; <a><\/a>Erica Romanatti y Roxana Alcaide.<\/p>\n\n\n\n<p>Se convers\u00f3 acerca de mitos y verdades sobre la infertilidad, brindando detalles informativos, jur\u00eddicos y emocionales. Desde la Asociaci\u00f3n <a href=\"https:\/\/www.instagram.com\/_u\/acompanando.un.sueno?fbclid=IwZXh0bgNhZW0CMTAAAR1gZPKI6qmhuiaqfYF2LejtHHUYfrEpx2D9wrrhJL4eMRDb4q5w6mIpaPs_aem_Dw9TEveRjwKiPeVYMQF2wQ\" rel=\"noreferrer noopener\" target=\"_blank\">@acompanando.un.sueno<\/a> proponen acompa\u00f1ar a las familias y personas que deseen atravesar un proceso de fertilizaci\u00f3n.<\/p>\n\n\n\n<p><a href=\"https:\/\/www.facebook.com\/hashtag\/fphv?__eep__=6&amp;__cft__[0]=AZXuK4_J4v_L6w3OHATDGBofrJv3ovl0lxeChKmobBdHehiWu4XfkfXV0pL6uSKhrqVJQFlY3ZvvKvcQDTSYOGE5QmkBCuEq4UtKE69SGdnEi_0Ct2RqTEWRI8Sw1tcX7pxeJPaEVolnjl2T-OU676vl3nsmUZM1YGhEkHH5BFAE8czopV06WYZrMYwAVQ92fMQ&amp;__tn__=*NK-R\">#FPHV<\/a><a href=\"https:\/\/www.facebook.com\/hashtag\/institutodelamujer?__eep__=6&amp;__cft__[0]=AZXuK4_J4v_L6w3OHATDGBofrJv3ovl0lxeChKmobBdHehiWu4XfkfXV0pL6uSKhrqVJQFlY3ZvvKvcQDTSYOGE5QmkBCuEq4UtKE69SGdnEi_0Ct2RqTEWRI8Sw1tcX7pxeJPaEVolnjl2T-OU676vl3nsmUZM1YGhEkHH5BFAE8czopV06WYZrMYwAVQ92fMQ&amp;__tn__=*NK-R\">#InstitutoDeLaMujer<\/a><\/p>\n\n\n\n<p><\/p>\n","protected":false},"excerpt":{"rendered":"<p>Este viernes 26 de abril, se realiz\u00f3 en la sede de la FPHV la charla \u201cHablemos de fertilidad sin tab\u00faes\u201d que estuvo a cargo de @noeliaponcedeleon y @rominagoitia quienes nos compartieron su testimonio frente a las situaciones que atravesaron en el proceso de fertilidad. La charla cont\u00f3 con la presentaci\u00f3n de @natalia_raciti_ directora del Instituto [&hellip;]<\/p>\n","protected":false},"author":5,"featured_media":1059,"comment_status":"closed","ping_status":"closed","sticky":false,"template":"","format":"standard","meta":{"footnotes":""},"categories":[2],"tags":[],"class_list":["post-1058","post","type-post","status-publish","format-standard","has-post-thumbnail","hentry","category-prensa"],"_links":{"self":[{"href":"https:\/\/fphv.org\/index.php?rest_route=\/wp\/v2\/posts\/1058","targetHints":{"allow":["GET"]}}],"collection":[{"href":"https:\/\/fphv.org\/index.php?rest_route=\/wp\/v2\/posts"}],"about":[{"href":"https:\/\/fphv.org\/index.php?rest_route=\/wp\/v2\/types\/post"}],"author":[{"embeddable":true,"href":"https:\/\/fphv.org\/index.php?rest_route=\/wp\/v2\/users\/5"}],"replies":[{"embeddable":true,"href":"https:\/\/fphv.org\/index.php?rest_route=%2Fwp%2Fv2%2Fcomments&post=1058"}],"version-history":[{"count":1,"href":"https:\/\/fphv.org\/index.php?rest_route=\/wp\/v2\/posts\/1058\/revisions"}],"predecessor-version":[{"id":1060,"href":"https:\/\/fphv.org\/index.php?rest_route=\/wp\/v2\/posts\/1058\/revisions\/1060"}],"wp:featuredmedia":[{"embeddable":true,"href":"https:\/\/fphv.org\/index.php?rest_route=\/wp\/v2\/media\/1059"}],"wp:attachment":[{"href":"https:\/\/fphv.org\/index.php?rest_route=%2Fwp%2Fv2%2Fmedia&parent=1058"}],"wp:term":[{"taxonomy":"category","embeddable":true,"href":"https:\/\/fphv.org\/index.php?rest_route=%2Fwp%2Fv2%2Fcategories&post=1058"},{"taxonomy":"post_tag","embeddable":true,"href":"https:\/\/fphv.org\/index.php?rest_route=%2Fwp%2Fv2%2Ftags&post=1058"}],"curies":[{"name":"wp","href":"https:\/\/api.w.org\/{rel}","templated":true}]}}