{"id":1055,"date":"2024-04-26T18:15:00","date_gmt":"2024-04-26T21:15:00","guid":{"rendered":"https:\/\/fphv.org\/?p=1055"},"modified":"2024-12-16T18:22:20","modified_gmt":"2024-12-16T21:22:20","slug":"jornada-de-vacunacion-en-feriaartesanalmanos","status":"publish","type":"post","link":"https:\/\/fphv.org\/?p=1055","title":{"rendered":"JORNADA DE VACUNACI\u00d3N en @feriaartesanalmanos"},"content":{"rendered":"\n<p>En marco del D\u00eda Internacional de la Inmunolog\u00eda, este domingo se realizar\u00e1 en Plaza Azcu\u00e9naga una jornada de VACUNACI\u00d3N contra la GRIPE y el COVID, llevado a cabo junto a <a href=\"https:\/\/www.instagram.com\/_u\/sociedadargentinadeinmunologia?fbclid=IwZXh0bgNhZW0CMTAAAR3-ag4EHtf9HZVt0Ik_3tNxOhqnUuj9TeTTv80GAzSI0V7YboLurnUkX0E_aem_-GQLe2jZ2hJQ1gdocrzimQ\" rel=\"noreferrer noopener\" target=\"_blank\">@sociedadargentinadeinmunologia<\/a><a href=\"https:\/\/l.facebook.com\/l.php?u=https%3A%2F%2Fwww.instagram.com%2F_u%2Funlpoficial%3Ffbclid%3DIwZXh0bgNhZW0CMTAAAR1uJc6z_eew1v6jFoq6xXxNH5eKSNmftTGfHt0jzWkQFmqFs9YmuNwu1yo_aem_ZpejZO61KVdKFBDBJbKQ1A&amp;h=AT2-0LG4sUUOhjSisaGdEI_J9DSfcsPplGRVhOu7mMc0jU4A3iHIRLzIg-iBu1_X0Rj6xhZzM9ZX5QnO0RFJIBBbjrBnTJuZWG83joP0bMAvgck8JpWckqa-FbzbNEIXLppu&amp;__tn__=-UK-R&amp;c[0]=AT3t9cC1iZH2i9LEWb77sG7PsUG18nE-J7fT2pETVAmaPv4ZKTvutP86gZ6imneLYqpDkPT_Ey2T675DWMXmi2enDTWHkTTMiUcw0BVhYpmF3gxCDu6OZtdN_BTiF71LlbdhWfayZ6kehdwOUDO-wYIGHbNbMt--gzcRju9HN1d8-36fid4EmAVJduJN1wBuS_ntsFFadTLxxvd6e7g7PfNhtQ\" rel=\"noreferrer noopener\" target=\"_blank\">@unlpoficial<\/a> y @conicetlaplata a fin de visibilizar c\u00f3mo el conocimiento de la Inmunolog\u00eda humana puede mejorar la salud p\u00fablica.<\/p>\n\n\n\n<p><img decoding=\"async\" height=\"16\" width=\"16\" alt=\"\ud83d\udcc6\" src=\"https:\/\/static.xx.fbcdn.net\/images\/emoji.php\/v9\/tff\/1\/16\/1f4c6.png\"> Domingo 28 de abril<\/p>\n\n\n\n<p><img decoding=\"async\" height=\"16\" width=\"16\" alt=\"\ud83d\udd53\" src=\"https:\/\/static.xx.fbcdn.net\/images\/emoji.php\/v9\/t2b\/1\/16\/1f553.png\"><a><\/a>De 14 a 18hs<\/p>\n\n\n\n<p><img decoding=\"async\" height=\"16\" width=\"16\" alt=\"\ud83d\udccd\" src=\"https:\/\/static.xx.fbcdn.net\/images\/emoji.php\/v9\/t2d\/1\/16\/1f4cd.png\"> Plaza Azcu\u00e9naga 19 y 44<\/p>\n\n\n\n<p>\u00a1Te esperamos! <img loading=\"lazy\" decoding=\"async\" height=\"16\" width=\"16\" alt=\"\ud83d\udcaa\ud83c\udffb\" src=\"https:\/\/static.xx.fbcdn.net\/images\/emoji.php\/v9\/te7\/1\/16\/1f4aa_1f3fb.png\"><\/p>\n\n\n\n<p><a href=\"https:\/\/www.facebook.com\/hashtag\/fphv?__eep__=6&amp;__cft__[0]=AZVG08YS1zJBSiQrqPEOuz9JNbbFHqCgAGpN4kp7GFyQ9NRDAQjF-3HsHfKzz9ekTDqrj0bgImp5OF-GbD6CXBTUXLNi0lBGmpMqWtzIEFeNP-srm3ZCn9dXdMVji2hiispEEiV_0-S5vB1-OFgdliW_vHuAuFCW3ReE9JZ4VKw_ylZdDNxwgW8Omyinm7yo-60&amp;__tn__=*NK-R\">#FPHV<\/a><a href=\"https:\/\/www.facebook.com\/hashtag\/feriamanosplatenses?__eep__=6&amp;__cft__[0]=AZVG08YS1zJBSiQrqPEOuz9JNbbFHqCgAGpN4kp7GFyQ9NRDAQjF-3HsHfKzz9ekTDqrj0bgImp5OF-GbD6CXBTUXLNi0lBGmpMqWtzIEFeNP-srm3ZCn9dXdMVji2hiispEEiV_0-S5vB1-OFgdliW_vHuAuFCW3ReE9JZ4VKw_ylZdDNxwgW8Omyinm7yo-60&amp;__tn__=*NK-R\">#FeriaManosPlatenses<\/a><a href=\"https:\/\/www.facebook.com\/hashtag\/diainternacionaldelainmunologia?__eep__=6&amp;__cft__[0]=AZVG08YS1zJBSiQrqPEOuz9JNbbFHqCgAGpN4kp7GFyQ9NRDAQjF-3HsHfKzz9ekTDqrj0bgImp5OF-GbD6CXBTUXLNi0lBGmpMqWtzIEFeNP-srm3ZCn9dXdMVji2hiispEEiV_0-S5vB1-OFgdliW_vHuAuFCW3ReE9JZ4VKw_ylZdDNxwgW8Omyinm7yo-60&amp;__tn__=*NK-R\">#DiaInternacionalDeLaInmunologia<\/a><\/p>\n","protected":false},"excerpt":{"rendered":"<p>En marco del D\u00eda Internacional de la Inmunolog\u00eda, este domingo se realizar\u00e1 en Plaza Azcu\u00e9naga una jornada de VACUNACI\u00d3N contra la GRIPE y el COVID, llevado a cabo junto a @sociedadargentinadeinmunologia@unlpoficial y @conicetlaplata a fin de visibilizar c\u00f3mo el conocimiento de la Inmunolog\u00eda humana puede mejorar la salud p\u00fablica. Domingo 28 de abril De 14 [&hellip;]<\/p>\n","protected":false},"author":5,"featured_media":1056,"comment_status":"closed","ping_status":"closed","sticky":false,"template":"","format":"standard","meta":{"footnotes":""},"categories":[1],"tags":[],"class_list":["post-1055","post","type-post","status-publish","format-standard","has-post-thumbnail","hentry","category-eventos"],"_links":{"self":[{"href":"https:\/\/fphv.org\/index.php?rest_route=\/wp\/v2\/posts\/1055","targetHints":{"allow":["GET"]}}],"collection":[{"href":"https:\/\/fphv.org\/index.php?rest_route=\/wp\/v2\/posts"}],"about":[{"href":"https:\/\/fphv.org\/index.php?rest_route=\/wp\/v2\/types\/post"}],"author":[{"embeddable":true,"href":"https:\/\/fphv.org\/index.php?rest_route=\/wp\/v2\/users\/5"}],"replies":[{"embeddable":true,"href":"https:\/\/fphv.org\/index.php?rest_route=%2Fwp%2Fv2%2Fcomments&post=1055"}],"version-history":[{"count":1,"href":"https:\/\/fphv.org\/index.php?rest_route=\/wp\/v2\/posts\/1055\/revisions"}],"predecessor-version":[{"id":1057,"href":"https:\/\/fphv.org\/index.php?rest_route=\/wp\/v2\/posts\/1055\/revisions\/1057"}],"wp:featuredmedia":[{"embeddable":true,"href":"https:\/\/fphv.org\/index.php?rest_route=\/wp\/v2\/media\/1056"}],"wp:attachment":[{"href":"https:\/\/fphv.org\/index.php?rest_route=%2Fwp%2Fv2%2Fmedia&parent=1055"}],"wp:term":[{"taxonomy":"category","embeddable":true,"href":"https:\/\/fphv.org\/index.php?rest_route=%2Fwp%2Fv2%2Fcategories&post=1055"},{"taxonomy":"post_tag","embeddable":true,"href":"https:\/\/fphv.org\/index.php?rest_route=%2Fwp%2Fv2%2Ftags&post=1055"}],"curies":[{"name":"wp","href":"https:\/\/api.w.org\/{rel}","templated":true}]}}