{"id":1052,"date":"2024-04-25T15:57:00","date_gmt":"2024-04-25T18:57:00","guid":{"rendered":"https:\/\/fphv.org\/?p=1052"},"modified":"2024-12-16T18:15:15","modified_gmt":"2024-12-16T21:15:15","slug":"asamblea-anual-de-directivos-2024","status":"publish","type":"post","link":"https:\/\/fphv.org\/?p=1052","title":{"rendered":"ASAMBLEA ANUAL DE DIRECTIVOS 2024"},"content":{"rendered":"\n<p>Este mi\u00e9rcoles 24 de abril, se realiz\u00f3 la Asamblea Anual de Directivos de la <a href=\"https:\/\/www.instagram.com\/_u\/fphvarg?fbclid=IwZXh0bgNhZW0CMTAAAR262W4MOML21TyfnwFYR_iosiVVFk-JhgkYhk8uJMlOsW_cflVD23_wY5Q_aem_haE4MIjPj0_7KoLTcsmp3A\" rel=\"noreferrer noopener\" target=\"_blank\">@fphvarg<\/a> en el Sal\u00f3n Dardo Rocha del Hip\u00f3dromo de La Plata.<\/p>\n\n\n\n<p>El encuentro reuni\u00f3 a los directores de Instituto de la FPHV, benefactores, empresarios y l\u00edderes de la sociedad civil. En este marco se present\u00f3 el impacto 2023 de las actividades y proyectos de la fundaci\u00f3n, as\u00ed como una introducci\u00f3n y an\u00e1lisis de la planificaci\u00f3n 2024.<\/p>\n\n\n\n<p><a><\/a>Expusieron sus propuestas para llevar adelante de aqu\u00ed a diciembre; Mart\u00edn Bizet y Mart\u00edn Ranea, directores del Instituto de Formaci\u00f3n y Promoci\u00f3n del Comercio; Natalia Raciti, directora del Instituto de la Mujer; Diego Gonz\u00e1lez, director del Instituto de Deportes; Sandra Campos, directora del Instituto de la Nueva Edad; Jazm\u00edn Piedrabuena, coordinadora del Instituto de Transnacionales; Luciano Legnoverde, director del Instituto de Educaci\u00f3n Financiera.<\/p>\n\n\n\n<p>Adem\u00e1s, escuchamos el testimonio de los hermanos Fucceneco, de Cerveceria Fucce\u2019s, quienes gracias a CUGA, nuestro programa de Econom\u00eda Social, lograron crecer e implantarse comercialmente en nuestra ciudad.<\/p>\n\n\n\n<p>Por \u00faltimo, nuestro presidente, Rafael Vel\u00e1zquez, present\u00f3 un an\u00e1lisis acerca del contexto social y pol\u00edtico que enfrentan las organizaciones en la actualidad, esto enmarcado en la perspectiva y enfoque que tomar\u00e1 la FPHV este 2024 en cuanto a trabajo, programas y proyectos que ejecutar\u00e1.<\/p>\n\n\n\n<p>Finalmente, el encuentro termin\u00f3 con la firma de dos convenios para seguir fortaleciendo la alianza entre los miembros de la FPHV.<\/p>\n\n\n\n<p>Por un lado, la empresa benefactora Construyo al Costo, representada por su CEO, Diego Aguirre, firm\u00f3 un convenio de cooperaci\u00f3n con la Asociaci\u00f3n de Comerciantes Chinos de La Plata, representada por el presidente Chen.<\/p>\n\n\n\n<p>Asimismo se firm\u00f3 un convenio de colaboraci\u00f3n entre la empresa Compr\u00e1 en La Plata y el Instituto de Formaci\u00f3n y Promoci\u00f3n del Comercio, para fortalecer a los comerciantes de los principales centros comerciales a cielo abierto.<\/p>\n\n\n\n<p><a href=\"https:\/\/www.facebook.com\/hashtag\/fphv?__eep__=6&amp;__cft__[0]=AZVrd971hwSWTS2jcu4qdcENaudgKiTtsDS5VGK-NjFu1VNzbbPK43y1aKHkMHhSHtUwmgAMaWLAItXn4UVa2bZBFEAKDHwVfzVKfqee6gC6an_rl8wB0YkPemBqBvNVqPmcsfyayH_FTAkdlBZR0lRhLNVpsQjpd8mMqi4tn6EP5rNvnDjXZaRRrJdZ26AHgqo&amp;__tn__=*NK-R\">#FPHV<\/a><a href=\"https:\/\/l.facebook.com\/l.php?u=https%3A%2F%2Fwww.instagram.com%2F_u%2Frafaelvelazquezarg%3Ffbclid%3DIwZXh0bgNhZW0CMTAAAR1gZPKI6qmhuiaqfYF2LejtHHUYfrEpx2D9wrrhJL4eMRDb4q5w6mIpaPs_aem_Dw9TEveRjwKiPeVYMQF2wQ&amp;h=AT3U6zKuCadAHyhMpOoga2AceGyfJCo1DT4nE9w5qCBaoWYwCeBXtT54m2B2Y2u_h-FwLyc8rv5AQsyNqqJCNnM3Csy5BFGJE-XbRqdf-_JQS52Wodpss6PX6NlxN2XVWGWS&amp;__tn__=-UK-R&amp;c[0]=AT0einQXVweRelPJ7JIgGnYYZSP4oUJ0PPiNzW1Q0Cx0X8E1YZohy7UI9ho9lETGS0lxPuB4UcUoHN5rjMktLr61outm82tFsM0xADXfN_LNafDzU8cZnnYxs-TdHR7vJGSUlJfi7mG8ZQ2M76F2aAdrrRBdvVLY5QmBvLP2OifAYUCbxCCMhIg4bPLeqJXx3dyGVNxbHejZcAn93Amhh8qr3g\" rel=\"noreferrer noopener\" target=\"_blank\">@rafaelvelazquezarg<\/a><\/p>\n\n\n\n<p><a href=\"https:\/\/l.facebook.com\/l.php?u=https%3A%2F%2Fwww.instagram.com%2F_u%2Fmartinbizet%3Ffbclid%3DIwZXh0bgNhZW0CMTAAAR1EQ2Eu5_1EDtDyHWPBDLc6bUrg28lDelEBilkWQekPsCZoquQ7O8gzPps_aem_7kJkfPQ-4eo_MSDpt75GTQ&amp;h=AT2S37WcaAF_UMn6O5j_CHH8xTOK7RrfmKQJ3Lrup4CBg5AlidTvv29zRB_GRMHuf2HeS7oIjjFy9Q5DPZ0jm9QoBKNL8Q2L_GiVKDLA5BYxZRIZ0KLH11Tr9qEYHiK1JVG_&amp;__tn__=-UK-R&amp;c[0]=AT0einQXVweRelPJ7JIgGnYYZSP4oUJ0PPiNzW1Q0Cx0X8E1YZohy7UI9ho9lETGS0lxPuB4UcUoHN5rjMktLr61outm82tFsM0xADXfN_LNafDzU8cZnnYxs-TdHR7vJGSUlJfi7mG8ZQ2M76F2aAdrrRBdvVLY5QmBvLP2OifAYUCbxCCMhIg4bPLeqJXx3dyGVNxbHejZcAn93Amhh8qr3g\" rel=\"noreferrer noopener\" target=\"_blank\">@martinbizet<\/a> @natalia_raciti_ <a href=\"https:\/\/www.instagram.com\/_u\/marcelo.mancuso.96?fbclid=IwZXh0bgNhZW0CMTAAAR3t0Ci580aeej2VxSF_v6fSKxXKoRmN50AAgUOuLHiuaM-oJQ-c2es91qw_aem_6gTWaKDBikROT4nyJmQ7GA\" rel=\"noreferrer noopener\" target=\"_blank\">@marcelo.mancuso.96<\/a> @jmatiaspicci <a href=\"https:\/\/l.facebook.com\/l.php?u=https%3A%2F%2Fwww.instagram.com%2F_u%2Fmei_hua_kung_fu%3Ffbclid%3DIwZXh0bgNhZW0CMTAAAR3-ag4EHtf9HZVt0Ik_3tNxOhqnUuj9TeTTv80GAzSI0V7YboLurnUkX0E_aem_-GQLe2jZ2hJQ1gdocrzimQ&amp;h=AT1NJav1fDt1q3TOvS8Cd3l7JzGr33i9ZOL7qmQBPeXpgTNxk6fl1WKPiHuJ1hOpHXgApqFqOvYcroGFiCc6wXVOlt5jjOMuxn_9tmhx6uAm-CPMBU_ufgLMjUe6INN8sukO&amp;__tn__=-UK-R&amp;c[0]=AT0einQXVweRelPJ7JIgGnYYZSP4oUJ0PPiNzW1Q0Cx0X8E1YZohy7UI9ho9lETGS0lxPuB4UcUoHN5rjMktLr61outm82tFsM0xADXfN_LNafDzU8cZnnYxs-TdHR7vJGSUlJfi7mG8ZQ2M76F2aAdrrRBdvVLY5QmBvLP2OifAYUCbxCCMhIg4bPLeqJXx3dyGVNxbHejZcAn93Amhh8qr3g\" rel=\"noreferrer noopener\" target=\"_blank\">@mei_hua_kung_fu<\/a><a href=\"https:\/\/l.facebook.com\/l.php?u=https%3A%2F%2Fwww.instagram.com%2F_u%2Flucianolegnoverde%3Ffbclid%3DIwZXh0bgNhZW0CMTAAAR1EQ2Eu5_1EDtDyHWPBDLc6bUrg28lDelEBilkWQekPsCZoquQ7O8gzPps_aem_7kJkfPQ-4eo_MSDpt75GTQ&amp;h=AT0bqnGICw3OWmaKFerBUhi2LwbSGTfp7U50yfuyYlrTpkmY6797vhwVyv_uaIvI0eAAN3Tpt840feFQA51iTuRMF2xQnhLdchbctTvpDgV7wJbzJUF2oHLUAoWq8_qciY2S&amp;__tn__=-UK-R&amp;c[0]=AT0einQXVweRelPJ7JIgGnYYZSP4oUJ0PPiNzW1Q0Cx0X8E1YZohy7UI9ho9lETGS0lxPuB4UcUoHN5rjMktLr61outm82tFsM0xADXfN_LNafDzU8cZnnYxs-TdHR7vJGSUlJfi7mG8ZQ2M76F2aAdrrRBdvVLY5QmBvLP2OifAYUCbxCCMhIg4bPLeqJXx3dyGVNxbHejZcAn93Amhh8qr3g\" rel=\"noreferrer noopener\" target=\"_blank\">@lucianolegnoverde<\/a><a href=\"https:\/\/www.instagram.com\/_u\/calpocamara?fbclid=IwZXh0bgNhZW0CMTAAAR3-ag4EHtf9HZVt0Ik_3tNxOhqnUuj9TeTTv80GAzSI0V7YboLurnUkX0E_aem_-GQLe2jZ2hJQ1gdocrzimQ\" rel=\"noreferrer noopener\" target=\"_blank\">@calpocamara<\/a><a href=\"https:\/\/l.facebook.com\/l.php?u=https%3A%2F%2Fwww.instagram.com%2F_u%2Fcentrocomercialcalle12%3Ffbclid%3DIwZXh0bgNhZW0CMTAAAR3t0Ci580aeej2VxSF_v6fSKxXKoRmN50AAgUOuLHiuaM-oJQ-c2es91qw_aem_6gTWaKDBikROT4nyJmQ7GA&amp;h=AT1J_SVUxv4KFPt0XYSI0lA7wZZmQA-DEhSeCf2T6DOpqeCMs9oFTdYTG8d1rX2l4FutENoJX5SdUktYWnO-vfvrBEJvziOfEAKMasJAJRcGlEngkzyd-5oZ89LFxzBtOlrF&amp;__tn__=-UK-R&amp;c[0]=AT0einQXVweRelPJ7JIgGnYYZSP4oUJ0PPiNzW1Q0Cx0X8E1YZohy7UI9ho9lETGS0lxPuB4UcUoHN5rjMktLr61outm82tFsM0xADXfN_LNafDzU8cZnnYxs-TdHR7vJGSUlJfi7mG8ZQ2M76F2aAdrrRBdvVLY5QmBvLP2OifAYUCbxCCMhIg4bPLeqJXx3dyGVNxbHejZcAn93Amhh8qr3g\" rel=\"noreferrer noopener\" target=\"_blank\">@centrocomercialcalle12<\/a><a href=\"https:\/\/l.facebook.com\/l.php?u=https%3A%2F%2Fwww.instagram.com%2F_u%2Fconstruyoalcosto%3Ffbclid%3DIwZXh0bgNhZW0CMTAAAR3-ag4EHtf9HZVt0Ik_3tNxOhqnUuj9TeTTv80GAzSI0V7YboLurnUkX0E_aem_-GQLe2jZ2hJQ1gdocrzimQ&amp;h=AT3l7eTFUAESx53akrAkvIdhlfulCYZ0_C5PgwXnluttdVc7pTpjRXVlzVJqJ72dwfHwRS22BZNha2q4juQ4s-AxQzUmae-KTI2_nll1mxlY-VQZOW9AQBhHDtx9FdRabQ-h&amp;__tn__=-UK-R&amp;c[0]=AT0einQXVweRelPJ7JIgGnYYZSP4oUJ0PPiNzW1Q0Cx0X8E1YZohy7UI9ho9lETGS0lxPuB4UcUoHN5rjMktLr61outm82tFsM0xADXfN_LNafDzU8cZnnYxs-TdHR7vJGSUlJfi7mG8ZQ2M76F2aAdrrRBdvVLY5QmBvLP2OifAYUCbxCCMhIg4bPLeqJXx3dyGVNxbHejZcAn93Amhh8qr3g\" rel=\"noreferrer noopener\" target=\"_blank\">@construyoalcosto<\/a><\/p>\n","protected":false},"excerpt":{"rendered":"<p>Este mi\u00e9rcoles 24 de abril, se realiz\u00f3 la Asamblea Anual de Directivos de la @fphvarg en el Sal\u00f3n Dardo Rocha del Hip\u00f3dromo de La Plata. El encuentro reuni\u00f3 a los directores de Instituto de la FPHV, benefactores, empresarios y l\u00edderes de la sociedad civil. En este marco se present\u00f3 el impacto 2023 de las actividades [&hellip;]<\/p>\n","protected":false},"author":5,"featured_media":1053,"comment_status":"closed","ping_status":"closed","sticky":false,"template":"","format":"standard","meta":{"footnotes":""},"categories":[2],"tags":[],"class_list":["post-1052","post","type-post","status-publish","format-standard","has-post-thumbnail","hentry","category-prensa"],"_links":{"self":[{"href":"https:\/\/fphv.org\/index.php?rest_route=\/wp\/v2\/posts\/1052","targetHints":{"allow":["GET"]}}],"collection":[{"href":"https:\/\/fphv.org\/index.php?rest_route=\/wp\/v2\/posts"}],"about":[{"href":"https:\/\/fphv.org\/index.php?rest_route=\/wp\/v2\/types\/post"}],"author":[{"embeddable":true,"href":"https:\/\/fphv.org\/index.php?rest_route=\/wp\/v2\/users\/5"}],"replies":[{"embeddable":true,"href":"https:\/\/fphv.org\/index.php?rest_route=%2Fwp%2Fv2%2Fcomments&post=1052"}],"version-history":[{"count":1,"href":"https:\/\/fphv.org\/index.php?rest_route=\/wp\/v2\/posts\/1052\/revisions"}],"predecessor-version":[{"id":1054,"href":"https:\/\/fphv.org\/index.php?rest_route=\/wp\/v2\/posts\/1052\/revisions\/1054"}],"wp:featuredmedia":[{"embeddable":true,"href":"https:\/\/fphv.org\/index.php?rest_route=\/wp\/v2\/media\/1053"}],"wp:attachment":[{"href":"https:\/\/fphv.org\/index.php?rest_route=%2Fwp%2Fv2%2Fmedia&parent=1052"}],"wp:term":[{"taxonomy":"category","embeddable":true,"href":"https:\/\/fphv.org\/index.php?rest_route=%2Fwp%2Fv2%2Fcategories&post=1052"},{"taxonomy":"post_tag","embeddable":true,"href":"https:\/\/fphv.org\/index.php?rest_route=%2Fwp%2Fv2%2Ftags&post=1052"}],"curies":[{"name":"wp","href":"https:\/\/api.w.org\/{rel}","templated":true}]}}