{"id":1046,"date":"2024-04-17T15:27:00","date_gmt":"2024-04-17T18:27:00","guid":{"rendered":"https:\/\/fphv.org\/?p=1046"},"modified":"2024-12-16T15:31:04","modified_gmt":"2024-12-16T18:31:04","slug":"encuentro-iberoamericano-de-la-sociedad-civil","status":"publish","type":"post","link":"https:\/\/fphv.org\/?p=1046","title":{"rendered":"ENCUENTRO IBEROAMERICANO DE LA SOCIEDAD CIVIL"},"content":{"rendered":"\n<p>Este martes 16 de abril, Valentin Di Biasi, Responsable de Ceremonial Diplom\u00e1tico, particip\u00f3 como oyente en el Encuentro Iberoamericano de la Sociedad Civil, en el panel \u201cSesi\u00f3n: Futuros colaborativos para ciudades m\u00e1s inclusivas\u201d<\/p>\n\n\n\n<p>El mismo, tendr\u00e1 una duraci\u00f3n de 3 d\u00edas en total, enfocados en &#8216;Colaborar para incluir&#8217; &#8216;Colaborar para participar&#8217; y &#8216;Colaborar para cuidar&#8217;<\/p>\n\n\n\n<p>El <a><\/a>eje principal de este encuentro es la fuerza de colaboraci\u00f3n para alcanzar un cambio social justo. Sus objetivos est\u00e1n enfocados en propiciar la construcci\u00f3n de puentes de corresponsabilidad para hacer frente a problemas regionales interconectados que requieren de acciones coordinadas.<\/p>\n\n\n\n<p>Las Dimensiones del encuentro giran en torno, a contribuir y visualizar un problema y como abordarlo desde la perspectiva de la colaboraci\u00f3n, con un foco en la Sostenibilidad, la Inclusi\u00f3n y la Democracia.<\/p>\n\n\n\n<p>Desde FPHV creemos y luchamos fehacientemente por promulgar los valores de la Sociedad Civil y de c\u00f3mo estos pueden generar un impacto positivo en nuestras sociedades.<\/p>\n\n\n\n<p><a href=\"https:\/\/www.facebook.com\/hashtag\/fphv?__eep__=6&amp;__cft__[0]=AZUhdaBpfryS6Y3aQx0-Qj_JlX_CZuvDke_FY8KFBRy0JdSXUhM94LZ8EJEJGKe2DOnE1W_yfD3irHQFLdB2IDoUSCuJ6t-9F8U2HZ-r1hChdW9bzCChE_kKVEqd419OaJDzK0QaSjrum-3U5oZVMlpQVPM9l5btGOXk6-wqFgssusl18L8_Oe8JIxURBqtJ-aA&amp;__tn__=*NK-R\">#FPHV<\/a><\/p>\n","protected":false},"excerpt":{"rendered":"<p>Este martes 16 de abril, Valentin Di Biasi, Responsable de Ceremonial Diplom\u00e1tico, particip\u00f3 como oyente en el Encuentro Iberoamericano de la Sociedad Civil, en el panel \u201cSesi\u00f3n: Futuros colaborativos para ciudades m\u00e1s inclusivas\u201d El mismo, tendr\u00e1 una duraci\u00f3n de 3 d\u00edas en total, enfocados en &#8216;Colaborar para incluir&#8217; &#8216;Colaborar para participar&#8217; y &#8216;Colaborar para cuidar&#8217; [&hellip;]<\/p>\n","protected":false},"author":5,"featured_media":1047,"comment_status":"closed","ping_status":"closed","sticky":false,"template":"","format":"standard","meta":{"footnotes":""},"categories":[2],"tags":[],"class_list":["post-1046","post","type-post","status-publish","format-standard","has-post-thumbnail","hentry","category-prensa"],"_links":{"self":[{"href":"https:\/\/fphv.org\/index.php?rest_route=\/wp\/v2\/posts\/1046","targetHints":{"allow":["GET"]}}],"collection":[{"href":"https:\/\/fphv.org\/index.php?rest_route=\/wp\/v2\/posts"}],"about":[{"href":"https:\/\/fphv.org\/index.php?rest_route=\/wp\/v2\/types\/post"}],"author":[{"embeddable":true,"href":"https:\/\/fphv.org\/index.php?rest_route=\/wp\/v2\/users\/5"}],"replies":[{"embeddable":true,"href":"https:\/\/fphv.org\/index.php?rest_route=%2Fwp%2Fv2%2Fcomments&post=1046"}],"version-history":[{"count":1,"href":"https:\/\/fphv.org\/index.php?rest_route=\/wp\/v2\/posts\/1046\/revisions"}],"predecessor-version":[{"id":1048,"href":"https:\/\/fphv.org\/index.php?rest_route=\/wp\/v2\/posts\/1046\/revisions\/1048"}],"wp:featuredmedia":[{"embeddable":true,"href":"https:\/\/fphv.org\/index.php?rest_route=\/wp\/v2\/media\/1047"}],"wp:attachment":[{"href":"https:\/\/fphv.org\/index.php?rest_route=%2Fwp%2Fv2%2Fmedia&parent=1046"}],"wp:term":[{"taxonomy":"category","embeddable":true,"href":"https:\/\/fphv.org\/index.php?rest_route=%2Fwp%2Fv2%2Fcategories&post=1046"},{"taxonomy":"post_tag","embeddable":true,"href":"https:\/\/fphv.org\/index.php?rest_route=%2Fwp%2Fv2%2Ftags&post=1046"}],"curies":[{"name":"wp","href":"https:\/\/api.w.org\/{rel}","templated":true}]}}