{"id":1040,"date":"2024-04-12T15:16:00","date_gmt":"2024-04-12T18:16:00","guid":{"rendered":"https:\/\/fphv.org\/?p=1040"},"modified":"2024-12-16T15:20:59","modified_gmt":"2024-12-16T18:20:59","slug":"participacion-de-la-fphv-en-la-comision-de-asuntos-juridicos-y-politicos","status":"publish","type":"post","link":"https:\/\/fphv.org\/?p=1040","title":{"rendered":"PARTICIPACI\u00d3N DE LA FPHV EN LA COMISI\u00d3N DE ASUNTOS JUR\u00cdDICOS Y POL\u00cdTICOS"},"content":{"rendered":"\n<p>Este jueves 11 de abril, nuestra Coordinadora de Proyectos de Cooperaci\u00f3n Nacional e Internacional, Valentina Ya\u00f1ez, particip\u00f3 de la Sesi\u00f3n de la Comisi\u00f3n de Asuntos Jur\u00eddicos y Pol\u00edticos.<\/p>\n\n\n\n<p>La misma, tiene la funci\u00f3n de estudiar los temas que sobre esos asuntos le encomiende el Consejo Permanente, considerando los informes del Comit\u00e9 Jur\u00eddico Interamericano, la Comisi\u00f3n Interamericana de Derechos Humanos, <a><\/a>y la Corte Interamericana de Derechos Humanos.<\/p>\n\n\n\n<p>El encuentro se bas\u00f3 en la presentaci\u00f3n del informe anual del Comit\u00e9 Jur\u00eddico Interamericano, del Centro de Estudios de Justicia de las Am\u00e9ricas, y el seguimiento de la resoluci\u00f3n AG\/RES. 3004 dictada con anterioridad.<\/p>\n\n\n\n<p>Desde FPHV creemos que es de suma importancia fomentar estas tem\u00e1ticas, para que todos tengan mayor acceso a ellos. Es un trabajo en conjunto que deben realizar todos los sectores para lograr mejores resultados.<\/p>\n\n\n\n<p><a href=\"https:\/\/www.facebook.com\/hashtag\/fphv?__eep__=6&amp;__cft__[0]=AZXVupyEPrMahaMXMeflOaF0yegr78R2EpbSOl5ZvQKO0OniGUIN8x9XUjHTeO5LHFE_znKp_WYUWMkwMGwYwWpCuTl8421HHEc-mYfZ7vsqih2gVxRCrcr3itcndplLnRhN16E6o6OdwjUG1006Whl_N41NtOBa_jaz96aZ4UaykjeS4T9otKAk7aLm3miqpik&amp;__tn__=*NK-R\">#FPHV<\/a><\/p>\n\n\n\n<p><\/p>\n","protected":false},"excerpt":{"rendered":"<p>Este jueves 11 de abril, nuestra Coordinadora de Proyectos de Cooperaci\u00f3n Nacional e Internacional, Valentina Ya\u00f1ez, particip\u00f3 de la Sesi\u00f3n de la Comisi\u00f3n de Asuntos Jur\u00eddicos y Pol\u00edticos. La misma, tiene la funci\u00f3n de estudiar los temas que sobre esos asuntos le encomiende el Consejo Permanente, considerando los informes del Comit\u00e9 Jur\u00eddico Interamericano, la Comisi\u00f3n [&hellip;]<\/p>\n","protected":false},"author":5,"featured_media":1041,"comment_status":"closed","ping_status":"closed","sticky":false,"template":"","format":"standard","meta":{"footnotes":""},"categories":[2],"tags":[],"class_list":["post-1040","post","type-post","status-publish","format-standard","has-post-thumbnail","hentry","category-prensa"],"_links":{"self":[{"href":"https:\/\/fphv.org\/index.php?rest_route=\/wp\/v2\/posts\/1040","targetHints":{"allow":["GET"]}}],"collection":[{"href":"https:\/\/fphv.org\/index.php?rest_route=\/wp\/v2\/posts"}],"about":[{"href":"https:\/\/fphv.org\/index.php?rest_route=\/wp\/v2\/types\/post"}],"author":[{"embeddable":true,"href":"https:\/\/fphv.org\/index.php?rest_route=\/wp\/v2\/users\/5"}],"replies":[{"embeddable":true,"href":"https:\/\/fphv.org\/index.php?rest_route=%2Fwp%2Fv2%2Fcomments&post=1040"}],"version-history":[{"count":1,"href":"https:\/\/fphv.org\/index.php?rest_route=\/wp\/v2\/posts\/1040\/revisions"}],"predecessor-version":[{"id":1042,"href":"https:\/\/fphv.org\/index.php?rest_route=\/wp\/v2\/posts\/1040\/revisions\/1042"}],"wp:featuredmedia":[{"embeddable":true,"href":"https:\/\/fphv.org\/index.php?rest_route=\/wp\/v2\/media\/1041"}],"wp:attachment":[{"href":"https:\/\/fphv.org\/index.php?rest_route=%2Fwp%2Fv2%2Fmedia&parent=1040"}],"wp:term":[{"taxonomy":"category","embeddable":true,"href":"https:\/\/fphv.org\/index.php?rest_route=%2Fwp%2Fv2%2Fcategories&post=1040"},{"taxonomy":"post_tag","embeddable":true,"href":"https:\/\/fphv.org\/index.php?rest_route=%2Fwp%2Fv2%2Ftags&post=1040"}],"curies":[{"name":"wp","href":"https:\/\/api.w.org\/{rel}","templated":true}]}}