{"id":1036,"date":"2024-04-12T15:12:06","date_gmt":"2024-04-12T18:12:06","guid":{"rendered":"https:\/\/fphv.org\/?p=1036"},"modified":"2024-12-16T15:13:48","modified_gmt":"2024-12-16T18:13:48","slug":"reunion-con-el-presidente-de-la-universidad-nacional-de-la-plata","status":"publish","type":"post","link":"https:\/\/fphv.org\/?p=1036","title":{"rendered":"REUNI\u00d3N CON EL PRESIDENTE DE LA UNIVERSIDAD NACIONAL DE LA PLATA"},"content":{"rendered":"\n<p>El jueves 4 de abril nuestro presidente, Rafael Vel\u00e1zquez se reuni\u00f3 con el Presidente de la Universidad Nacional de La Plata, el Mg. Mart\u00edn Lopez Armengol para conversar acerca de la planificaci\u00f3n 2024 de la Fundaci\u00f3n.<\/p>\n\n\n\n<p>Asimismo, se convers\u00f3 acerca de la asunci\u00f3n de la presidencia al Foro del Sector Social para comenzar a delinear estrategias de trabajo en conjunto que fomenten el desarrollo y fortalecimiento de la <a><\/a>sociedad civil a nivel regional.<\/p>\n\n\n\n<p><a href=\"https:\/\/www.facebook.com\/hashtag\/fphv?__eep__=6&amp;__cft__[0]=AZVTETfEC8fJcd3pPPtRZVOLR4tFup2cJmnXVAHSn4ynwRtYndJbQ5GFV2tHQgmSgYo1gHrHICo2bA-ABq0NjkgEZxQKQRk2md3jJHB1A-XWBzZNdiWxcXoJT1vBttRSdvd_7EAO6IPX6Af5I7Bl04V3Fh2jC93o_8nyVERf_nCJe5b0oCUqOGV81P1R_rk-A9o&amp;__tn__=*NK-R\">#FPHV<\/a><\/p>\n\n\n\n<p><\/p>\n","protected":false},"excerpt":{"rendered":"<p>El jueves 4 de abril nuestro presidente, Rafael Vel\u00e1zquez se reuni\u00f3 con el Presidente de la Universidad Nacional de La Plata, el Mg. Mart\u00edn Lopez Armengol para conversar acerca de la planificaci\u00f3n 2024 de la Fundaci\u00f3n. Asimismo, se convers\u00f3 acerca de la asunci\u00f3n de la presidencia al Foro del Sector Social para comenzar a delinear [&hellip;]<\/p>\n","protected":false},"author":5,"featured_media":1037,"comment_status":"closed","ping_status":"closed","sticky":false,"template":"","format":"standard","meta":{"footnotes":""},"categories":[2],"tags":[],"class_list":["post-1036","post","type-post","status-publish","format-standard","has-post-thumbnail","hentry","category-prensa"],"_links":{"self":[{"href":"https:\/\/fphv.org\/index.php?rest_route=\/wp\/v2\/posts\/1036","targetHints":{"allow":["GET"]}}],"collection":[{"href":"https:\/\/fphv.org\/index.php?rest_route=\/wp\/v2\/posts"}],"about":[{"href":"https:\/\/fphv.org\/index.php?rest_route=\/wp\/v2\/types\/post"}],"author":[{"embeddable":true,"href":"https:\/\/fphv.org\/index.php?rest_route=\/wp\/v2\/users\/5"}],"replies":[{"embeddable":true,"href":"https:\/\/fphv.org\/index.php?rest_route=%2Fwp%2Fv2%2Fcomments&post=1036"}],"version-history":[{"count":1,"href":"https:\/\/fphv.org\/index.php?rest_route=\/wp\/v2\/posts\/1036\/revisions"}],"predecessor-version":[{"id":1038,"href":"https:\/\/fphv.org\/index.php?rest_route=\/wp\/v2\/posts\/1036\/revisions\/1038"}],"wp:featuredmedia":[{"embeddable":true,"href":"https:\/\/fphv.org\/index.php?rest_route=\/wp\/v2\/media\/1037"}],"wp:attachment":[{"href":"https:\/\/fphv.org\/index.php?rest_route=%2Fwp%2Fv2%2Fmedia&parent=1036"}],"wp:term":[{"taxonomy":"category","embeddable":true,"href":"https:\/\/fphv.org\/index.php?rest_route=%2Fwp%2Fv2%2Fcategories&post=1036"},{"taxonomy":"post_tag","embeddable":true,"href":"https:\/\/fphv.org\/index.php?rest_route=%2Fwp%2Fv2%2Ftags&post=1036"}],"curies":[{"name":"wp","href":"https:\/\/api.w.org\/{rel}","templated":true}]}}