{"id":1030,"date":"2024-04-10T15:05:07","date_gmt":"2024-04-10T18:05:07","guid":{"rendered":"https:\/\/fphv.org\/?p=1030"},"modified":"2024-12-16T15:07:33","modified_gmt":"2024-12-16T18:07:33","slug":"open-house-pacto-global-argentina","status":"publish","type":"post","link":"https:\/\/fphv.org\/?p=1030","title":{"rendered":"OPEN HOUSE PACTO GLOBAL ARGENTINA"},"content":{"rendered":"\n<p>Este martes 9 de abril, nuestra Coordinadora de Proyectos de Cooperaci\u00f3n Nacionales e Internacionales, Valentina Ya\u00f1ez, particip\u00f3 del OPEN HOUSE del Pacto Global Argentina.<\/p>\n\n\n\n<p>El encuentro se enfoc\u00f3 en como acelerar el proceso de las empresas en el camino de la sustentabilidad, compartiendo la experiencia de Natalia Fontanet Barsotti (Gesti\u00f3n departicipantes Pacto Global Argentina), y Patricia Malnati (Oresidente de Jomsalva S.A.)<\/p>\n\n\n\n<p>El <a><\/a>Pacto Global se trata de la iniciativa de responsabilidad social corporativa m\u00e1s grande del pa\u00eds, que busca movilizar al sector empresarial a comprometerse con 10 principios universales de las Naciones Unidas y, en consecuencia, embarcarse en el prop\u00f3sito de contribuir a dar soluci\u00f3n a los m\u00e1s grandes desaf\u00edos del planeta y la humanidad de aqu\u00ed al 2030: los Objetivos de Desarrollo Sostenible aprobados en la Asamblea General de las Naciones Unidas en Septiembre de 2015.<\/p>\n\n\n\n<p>Desde FPHV creemos que es sumamente importante la construcci\u00f3n de una agenda priorizando los Objetivos de Desarrollo Sostenible, para as\u00ed poder contribuir a la construcci\u00f3n de un futuro mucho m\u00e1s sustentable. Es un compromiso que requiere del trabajo en conjunto tanto del sector empresarial, como de los organismos de la Sociedad Civil, el sector estatal y los organismos internacionales.<\/p>\n\n\n\n<p><a href=\"https:\/\/www.facebook.com\/hashtag\/fphv?__eep__=6&amp;__cft__[0]=AZXpmUM2pDqsOAvYSBjYBqCmmGm6R7dYtUFT1dWGULBY0ZaRL0LPGEq8S5s_sHbZT_Q6RSqcrKfxF88ccJ5SkjadA8bN8CH5FNNXPgJwxg39mRGhyxEkbgHmgEe2KDnZ0hR2Y-zwt-TlMjp1phjTUN0oqYHrwbmaV8dey3UbLOhbqtxOq4ywB-ZCThUfgPhT4a0&amp;__tn__=*NK-R\">#FPHV<\/a><\/p>\n","protected":false},"excerpt":{"rendered":"<p>Este martes 9 de abril, nuestra Coordinadora de Proyectos de Cooperaci\u00f3n Nacionales e Internacionales, Valentina Ya\u00f1ez, particip\u00f3 del OPEN HOUSE del Pacto Global Argentina. El encuentro se enfoc\u00f3 en como acelerar el proceso de las empresas en el camino de la sustentabilidad, compartiendo la experiencia de Natalia Fontanet Barsotti (Gesti\u00f3n departicipantes Pacto Global Argentina), y [&hellip;]<\/p>\n","protected":false},"author":5,"featured_media":1031,"comment_status":"closed","ping_status":"closed","sticky":false,"template":"","format":"standard","meta":{"footnotes":""},"categories":[2],"tags":[],"class_list":["post-1030","post","type-post","status-publish","format-standard","has-post-thumbnail","hentry","category-prensa"],"_links":{"self":[{"href":"https:\/\/fphv.org\/index.php?rest_route=\/wp\/v2\/posts\/1030","targetHints":{"allow":["GET"]}}],"collection":[{"href":"https:\/\/fphv.org\/index.php?rest_route=\/wp\/v2\/posts"}],"about":[{"href":"https:\/\/fphv.org\/index.php?rest_route=\/wp\/v2\/types\/post"}],"author":[{"embeddable":true,"href":"https:\/\/fphv.org\/index.php?rest_route=\/wp\/v2\/users\/5"}],"replies":[{"embeddable":true,"href":"https:\/\/fphv.org\/index.php?rest_route=%2Fwp%2Fv2%2Fcomments&post=1030"}],"version-history":[{"count":1,"href":"https:\/\/fphv.org\/index.php?rest_route=\/wp\/v2\/posts\/1030\/revisions"}],"predecessor-version":[{"id":1032,"href":"https:\/\/fphv.org\/index.php?rest_route=\/wp\/v2\/posts\/1030\/revisions\/1032"}],"wp:featuredmedia":[{"embeddable":true,"href":"https:\/\/fphv.org\/index.php?rest_route=\/wp\/v2\/media\/1031"}],"wp:attachment":[{"href":"https:\/\/fphv.org\/index.php?rest_route=%2Fwp%2Fv2%2Fmedia&parent=1030"}],"wp:term":[{"taxonomy":"category","embeddable":true,"href":"https:\/\/fphv.org\/index.php?rest_route=%2Fwp%2Fv2%2Fcategories&post=1030"},{"taxonomy":"post_tag","embeddable":true,"href":"https:\/\/fphv.org\/index.php?rest_route=%2Fwp%2Fv2%2Ftags&post=1030"}],"curies":[{"name":"wp","href":"https:\/\/api.w.org\/{rel}","templated":true}]}}