{"id":1027,"date":"2024-04-09T14:55:47","date_gmt":"2024-04-09T17:55:47","guid":{"rendered":"https:\/\/fphv.org\/?p=1027"},"modified":"2024-12-16T14:56:25","modified_gmt":"2024-12-16T17:56:25","slug":"defensa-de-los-derechos-humanos-de-las-personas-mayores","status":"publish","type":"post","link":"https:\/\/fphv.org\/?p=1027","title":{"rendered":"DEFENSA DE LOS DERECHOS HUMANOS DE LAS PERSONAS MAYORES"},"content":{"rendered":"\n<p>El Instituto de la Nueva Edad de la Fundaci\u00f3n Pro Humanae Vitae, contin\u00faa con el ciclo de reuniones que viene desarrollando en instituciones de la ciudad&nbsp;con el fin de difundir los derechos que tienen los adultos mayores de ser tratados con respeto y dignidad y sin discriminaci\u00f3n alguna en raz\u00f3n solamente de su edad.<\/p>\n\n\n\n<p>En <a><\/a>esta oportunidad,&nbsp;&nbsp;el encuentro tuvo lugar en la sede del Club Azcu\u00e9naga, donde los representantes del INE estuvieron acompa\u00f1ados por los padrinos del Instituto, Graciela S\u00e1nchez, fundadora del la Fundaci\u00f3n Pro Humanae Vitae y Alberto Alba, Presidente de la Federaci\u00f3n de Instituciones Culturales y Deportivas.<\/p>\n\n\n\n<p>En ese marco se puso de relieve que los derechos de las personas mayores est\u00e1n consagrados en la legislaci\u00f3n vigente, ya que surgen tanto del C\u00f3digo Civil como de la Convenci\u00f3n&nbsp;Interamericana sobre la Protecci\u00f3n de los Derechos Humanos&nbsp;&nbsp;de las Personas Mayores, de la que nuestro pa\u00eds es parte.<\/p>\n\n\n\n<p>Asimismo puntualizaron que la persona, a medida que envejece, debe seguir disfrutando de una vida plena, independiente y aut\u00f3noma, con salud, seguridad, integraci\u00f3n y participaci\u00f3n activa en las esferas econ\u00f3mica, social, cultural y pol\u00edtica de sus sociedades.<\/p>\n\n\n\n<p>Tambi\u00e9n se se\u00f1al\u00f3 que, ante la posibilidad de que esos derechos sean vulnerados, los adultos mayores pueden reclamar la correspondiente asistencia de la Defensor\u00eda Ciudadana de La Plata, comunic\u00e1ndose con los tel\u00e9fonos&nbsp;&nbsp;15 672 7760 y 427 0531, entidad con la cual el INE ha firmado un acuerdo para que se brinde especial atenci\u00f3n a los problemas sufridos por las personas mayores.<\/p>\n\n\n\n<p><a href=\"https:\/\/www.facebook.com\/hashtag\/fphv?__eep__=6&amp;__cft__[0]=AZWvJFcd9jOJwfvJtutE0CfIag8gyfXETo8-PSTMNVcnE6hGLAH4Ecf5EOvBfVX69-TE7ho1-3WtT-2ecfjmDH_wj0Cd3TF0o0RVzrIuG9XgD-tr7-0Ry96sDIa2z3iMuAtwvwYoXGSXejchzNyKpglPB2fjJA8JYDDCNLvXhoNzt7tWpUocrg4-MV-SXE9dqEI&amp;__tn__=*NK-R\">#FPHV<\/a><a href=\"https:\/\/www.facebook.com\/photo\/?fbid=419543044002309&amp;set=pcb.419543077335639&amp;__cft__[0]=AZWvJFcd9jOJwfvJtutE0CfIag8gyfXETo8-PSTMNVcnE6hGLAH4Ecf5EOvBfVX69-TE7ho1-3WtT-2ecfjmDH_wj0Cd3TF0o0RVzrIuG9XgD-tr7-0Ry96sDIa2z3iMuAtwvwYoXGSXejchzNyKpglPB2fjJA8JYDDCNLvXhoNzt7tWpUocrg4-MV-SXE9dqEI&amp;__tn__=*bH-R\"><\/a><\/p>\n\n\n\n<p><\/p>\n","protected":false},"excerpt":{"rendered":"<p>El Instituto de la Nueva Edad de la Fundaci\u00f3n Pro Humanae Vitae, contin\u00faa con el ciclo de reuniones que viene desarrollando en instituciones de la ciudad&nbsp;con el fin de difundir los derechos que tienen los adultos mayores de ser tratados con respeto y dignidad y sin discriminaci\u00f3n alguna en raz\u00f3n solamente de su edad. En [&hellip;]<\/p>\n","protected":false},"author":5,"featured_media":1028,"comment_status":"closed","ping_status":"closed","sticky":false,"template":"","format":"standard","meta":{"footnotes":""},"categories":[2],"tags":[],"class_list":["post-1027","post","type-post","status-publish","format-standard","has-post-thumbnail","hentry","category-prensa"],"_links":{"self":[{"href":"https:\/\/fphv.org\/index.php?rest_route=\/wp\/v2\/posts\/1027","targetHints":{"allow":["GET"]}}],"collection":[{"href":"https:\/\/fphv.org\/index.php?rest_route=\/wp\/v2\/posts"}],"about":[{"href":"https:\/\/fphv.org\/index.php?rest_route=\/wp\/v2\/types\/post"}],"author":[{"embeddable":true,"href":"https:\/\/fphv.org\/index.php?rest_route=\/wp\/v2\/users\/5"}],"replies":[{"embeddable":true,"href":"https:\/\/fphv.org\/index.php?rest_route=%2Fwp%2Fv2%2Fcomments&post=1027"}],"version-history":[{"count":1,"href":"https:\/\/fphv.org\/index.php?rest_route=\/wp\/v2\/posts\/1027\/revisions"}],"predecessor-version":[{"id":1029,"href":"https:\/\/fphv.org\/index.php?rest_route=\/wp\/v2\/posts\/1027\/revisions\/1029"}],"wp:featuredmedia":[{"embeddable":true,"href":"https:\/\/fphv.org\/index.php?rest_route=\/wp\/v2\/media\/1028"}],"wp:attachment":[{"href":"https:\/\/fphv.org\/index.php?rest_route=%2Fwp%2Fv2%2Fmedia&parent=1027"}],"wp:term":[{"taxonomy":"category","embeddable":true,"href":"https:\/\/fphv.org\/index.php?rest_route=%2Fwp%2Fv2%2Fcategories&post=1027"},{"taxonomy":"post_tag","embeddable":true,"href":"https:\/\/fphv.org\/index.php?rest_route=%2Fwp%2Fv2%2Ftags&post=1027"}],"curies":[{"name":"wp","href":"https:\/\/api.w.org\/{rel}","templated":true}]}}