{"id":1024,"date":"2024-04-08T14:43:25","date_gmt":"2024-04-08T17:43:25","guid":{"rendered":"https:\/\/fphv.org\/?p=1024"},"modified":"2024-12-16T14:44:21","modified_gmt":"2024-12-16T17:44:21","slug":"la-fundacion-pro-humanae-vitae-asume-la-presidencia-del-foro-del-sector-social","status":"publish","type":"post","link":"https:\/\/fphv.org\/?p=1024","title":{"rendered":"LA FUNDACI\u00d3N PRO HUMANAE VITAE, ASUME LA PRESIDENCIA DEL FORO DEL SECTOR SOCIAL"},"content":{"rendered":"\n<p>El mi\u00e9rcoles 3 de abril de 2024, se realiz\u00f3 la Asamblea Anual de Miembros del Foro del Sector Social, en la cual se eligi\u00f3 la nueva comisi\u00f3n directiva que guiar\u00e1 el trabajo durante 2024 hasta 2027, de una de las federaciones de organizaciones m\u00e1s importantes del pa\u00eds.<\/p>\n\n\n\n<p>En ese marco fue elegido como presidente por unanimidad, Rafael Vel\u00e1zquez, actual presidente de la Fundaci\u00f3n Pro Humanae Vitae, en <a><\/a>conjunto con Mercedes Aranguren, de la Fundaci\u00f3n Convivir, como Vicepresidente primera; Sebasti\u00e1n Ca\u00f1\u00f3n, de Fundaci\u00f3n Mundo Sano como Secretario General y Guillermo Canova de la Asociaci\u00f3n para la Capacitaci\u00f3n en Emergencias y Socorros \u2013 ACES como Tesorero.<\/p>\n\n\n\n<p>Con unas breves palabras de agradecimiento a todos los socios y miembros del Foro del Sector Social, Rafael Vel\u00e1zquez destac\u00f3 la importancia de entidades como el Foro para fortalecer y contener a las organizaciones sociales frente a los diversos contextos, siendo un espacio para que los l\u00edderes sociales puedan seguir trabajando y creciendo en programas y proyectos que promuevan una sociedad m\u00e1s solidaria, equitativa y democr\u00e1tica.<\/p>\n\n\n\n<p><a href=\"https:\/\/www.facebook.com\/hashtag\/fphv?__eep__=6&amp;__cft__[0]=AZWpjG2bapVGbKjBWeUgfveoRsF0ahwRx1i5Wk-rzhaTqm9f3oI1MlW-ZqQVdI-sWu4H9qWj3vk3Ma4IvkD2t7b8v0AjZkyCV7aen--JTaF8vUIAJ27YgkiS1wTZQ0RXdamojAMowthE9EdZe8R823aSo_C3e0-8LAJ_jYs9c0Y8DsBC1CN1H5k3hbu5vyFqdts&amp;__tn__=*NK-R\">#FPHV<\/a><a href=\"https:\/\/www.instagram.com\/_u\/forosectorsocial?fbclid=IwZXh0bgNhZW0CMTAAAR1EQ2Eu5_1EDtDyHWPBDLc6bUrg28lDelEBilkWQekPsCZoquQ7O8gzPps_aem_7kJkfPQ-4eo_MSDpt75GTQ\" rel=\"noreferrer noopener\" target=\"_blank\">@forosectorsocial<\/a><\/p>\n","protected":false},"excerpt":{"rendered":"<p>El mi\u00e9rcoles 3 de abril de 2024, se realiz\u00f3 la Asamblea Anual de Miembros del Foro del Sector Social, en la cual se eligi\u00f3 la nueva comisi\u00f3n directiva que guiar\u00e1 el trabajo durante 2024 hasta 2027, de una de las federaciones de organizaciones m\u00e1s importantes del pa\u00eds. En ese marco fue elegido como presidente por [&hellip;]<\/p>\n","protected":false},"author":5,"featured_media":1025,"comment_status":"closed","ping_status":"closed","sticky":false,"template":"","format":"standard","meta":{"footnotes":""},"categories":[2],"tags":[],"class_list":["post-1024","post","type-post","status-publish","format-standard","has-post-thumbnail","hentry","category-prensa"],"_links":{"self":[{"href":"https:\/\/fphv.org\/index.php?rest_route=\/wp\/v2\/posts\/1024","targetHints":{"allow":["GET"]}}],"collection":[{"href":"https:\/\/fphv.org\/index.php?rest_route=\/wp\/v2\/posts"}],"about":[{"href":"https:\/\/fphv.org\/index.php?rest_route=\/wp\/v2\/types\/post"}],"author":[{"embeddable":true,"href":"https:\/\/fphv.org\/index.php?rest_route=\/wp\/v2\/users\/5"}],"replies":[{"embeddable":true,"href":"https:\/\/fphv.org\/index.php?rest_route=%2Fwp%2Fv2%2Fcomments&post=1024"}],"version-history":[{"count":1,"href":"https:\/\/fphv.org\/index.php?rest_route=\/wp\/v2\/posts\/1024\/revisions"}],"predecessor-version":[{"id":1026,"href":"https:\/\/fphv.org\/index.php?rest_route=\/wp\/v2\/posts\/1024\/revisions\/1026"}],"wp:featuredmedia":[{"embeddable":true,"href":"https:\/\/fphv.org\/index.php?rest_route=\/wp\/v2\/media\/1025"}],"wp:attachment":[{"href":"https:\/\/fphv.org\/index.php?rest_route=%2Fwp%2Fv2%2Fmedia&parent=1024"}],"wp:term":[{"taxonomy":"category","embeddable":true,"href":"https:\/\/fphv.org\/index.php?rest_route=%2Fwp%2Fv2%2Fcategories&post=1024"},{"taxonomy":"post_tag","embeddable":true,"href":"https:\/\/fphv.org\/index.php?rest_route=%2Fwp%2Fv2%2Ftags&post=1024"}],"curies":[{"name":"wp","href":"https:\/\/api.w.org\/{rel}","templated":true}]}}