{"id":1020,"date":"2024-04-04T14:34:34","date_gmt":"2024-04-04T17:34:34","guid":{"rendered":"https:\/\/fphv.org\/?p=1020"},"modified":"2024-12-16T14:35:19","modified_gmt":"2024-12-16T17:35:19","slug":"united-nations-international-day-of-sport-for-development-and-peace","status":"publish","type":"post","link":"https:\/\/fphv.org\/?p=1020","title":{"rendered":"UNITED NATIONS INTERNATIONAL DAY OF SPORT FOR DEVELOPMENT AND PEACE"},"content":{"rendered":"\n<p>Este jueves 4 de abril, nuestra Coordinadora de Proyectos de Cooperaci\u00f3n Nacionales e Internacionales, Valentina Ya\u00f1ez, particip\u00f3 del encuentro por el D\u00eda Internacional del Deporte para el Desarrollo y la Paz de las Naciones Unidas.<\/p>\n\n\n\n<p>El D\u00eda Internacional del Deporte para el Desarrollo y la Paz (IDSDP) reconoce el papel positivo que desempe\u00f1an el deporte y la actividad f\u00edsica en la vida de las personas en todo el <a><\/a>mundo. Desde empoderar a mujeres y ni\u00f1as, j\u00f3venes, personas con discapacidad y otros grupos marginados hasta promover la salud, la sostenibilidad y la educaci\u00f3n, el deporte ofrece un enorme potencial para avanzar en los Objetivos de Desarrollo Sostenible y promover la paz y los derechos humanos.<\/p>\n\n\n\n<p>El objetivo principal del encuentro fue explorar oportunidades de colaboraci\u00f3n para impulsar un cambio social positivo a trav\u00e9s del deporte y aprovechar el poder del deporte para avanzar los ODS.<\/p>\n\n\n\n<p>Desde FPHV creemos que el deporte es crucial para un correcto funcionamiento de la sociedad. La inclusi\u00f3n de los grupos m\u00e1s vulnerables en estos espacios es un compromiso que debemos adoptar todos como miembros de la comunidad pero tambi\u00e9n, debe ser prioridad en las agendas del sector estatal, los organismos internacionales y las organizaciones de la Sociedad Civil, trabajando en conjunto para lograr mejores resultados.<\/p>\n\n\n\n<p><a href=\"https:\/\/www.facebook.com\/hashtag\/fphv?__eep__=6&amp;__cft__[0]=AZXSQi10zp_jdAI5rrLzwyMjvA-12mXy5j5C_7kHT4Z76pKU7ykVVJsRycXCtGvoR7BykRTnVJD6TckcHYol3zGXxylFpwttGSZlRR7BKlcsMW_yRt7cerGGg6YMbJi6C2z6XV9Onmig2vAnmv613_c4AQMfuR68oRyv_mMbol4NooP5R5Tq3DEucE1OelC2qYg&amp;__tn__=*NK-R\">#FPHV<\/a><\/p>\n","protected":false},"excerpt":{"rendered":"<p>Este jueves 4 de abril, nuestra Coordinadora de Proyectos de Cooperaci\u00f3n Nacionales e Internacionales, Valentina Ya\u00f1ez, particip\u00f3 del encuentro por el D\u00eda Internacional del Deporte para el Desarrollo y la Paz de las Naciones Unidas. El D\u00eda Internacional del Deporte para el Desarrollo y la Paz (IDSDP) reconoce el papel positivo que desempe\u00f1an el deporte [&hellip;]<\/p>\n","protected":false},"author":5,"featured_media":1022,"comment_status":"closed","ping_status":"closed","sticky":false,"template":"","format":"standard","meta":{"footnotes":""},"categories":[2],"tags":[],"class_list":["post-1020","post","type-post","status-publish","format-standard","has-post-thumbnail","hentry","category-prensa"],"_links":{"self":[{"href":"https:\/\/fphv.org\/index.php?rest_route=\/wp\/v2\/posts\/1020","targetHints":{"allow":["GET"]}}],"collection":[{"href":"https:\/\/fphv.org\/index.php?rest_route=\/wp\/v2\/posts"}],"about":[{"href":"https:\/\/fphv.org\/index.php?rest_route=\/wp\/v2\/types\/post"}],"author":[{"embeddable":true,"href":"https:\/\/fphv.org\/index.php?rest_route=\/wp\/v2\/users\/5"}],"replies":[{"embeddable":true,"href":"https:\/\/fphv.org\/index.php?rest_route=%2Fwp%2Fv2%2Fcomments&post=1020"}],"version-history":[{"count":2,"href":"https:\/\/fphv.org\/index.php?rest_route=\/wp\/v2\/posts\/1020\/revisions"}],"predecessor-version":[{"id":1023,"href":"https:\/\/fphv.org\/index.php?rest_route=\/wp\/v2\/posts\/1020\/revisions\/1023"}],"wp:featuredmedia":[{"embeddable":true,"href":"https:\/\/fphv.org\/index.php?rest_route=\/wp\/v2\/media\/1022"}],"wp:attachment":[{"href":"https:\/\/fphv.org\/index.php?rest_route=%2Fwp%2Fv2%2Fmedia&parent=1020"}],"wp:term":[{"taxonomy":"category","embeddable":true,"href":"https:\/\/fphv.org\/index.php?rest_route=%2Fwp%2Fv2%2Fcategories&post=1020"},{"taxonomy":"post_tag","embeddable":true,"href":"https:\/\/fphv.org\/index.php?rest_route=%2Fwp%2Fv2%2Ftags&post=1020"}],"curies":[{"name":"wp","href":"https:\/\/api.w.org\/{rel}","templated":true}]}}